{"id":3741,"date":"2014-12-17T10:20:24","date_gmt":"2014-12-17T10:20:24","guid":{"rendered":"http:\/\/coworking.freesite.host\/?p=3741"},"modified":"2015-03-04T13:33:19","modified_gmt":"2015-03-04T13:33:19","slug":"alpha-espai-coworking-un-any-de-comunitat","status":"publish","type":"post","link":"https:\/\/alphaespai.com\/ca\/alpha-espai-coworking-un-any-de-comunitat\/","title":{"rendered":"Alpha Espai Coworking: Un any de comunitat"},"content":{"rendered":"<p>En aquest primer post personal, com a dinamitzador que gestiona i dirigeix aquest espai, us explicar\u00e9 la import\u00e0ncia del primer any d\u2019exist\u00e8ncia.<\/p>\n<p>Vaig comen\u00e7ar a llegir sobre el concepte coworking, quan encara treballava com a directiu en una multinacional. Vaig prendre consci\u00e8ncia, llavors, que el fort creixement de l\u2019empresa havia donat lloc a un canvi de models i valors dins el sistema organitzatiu, que m\u2019impedien desenvolupar la meva feina de la manera que desitjava.<\/p>\n<p>En aquell moment, la meva primera percepci\u00f3 del coworking transcendia de l\u2019espai i m\u2019atrapava la idea de treballar en un entorn comunitari on el coneixement, talent i capacitats de diferents professionals es compartissin i donessin un mutu creixement professional, sota una filosofia de treball compromesa, amb valors professionals i personals coherents i de base col\u00b7laborativa i social. A partir d\u2019aquesta idea, fa un any, Alpha Espai va n\u00e9ixer en un espai, pr\u00e0cticament buit, on es compartien idees i missatges que no sortien de l\u2019edifici, fins que van comen\u00e7ar a sortir, a traspassar els murs. L\u2019objectiu va ser, i segueix sent, crear i fer cr\u00e9ixer una comunitat basada en la idea d\u2019un coworking de futur.<\/p>\n<p>Comencen a arribar coworkers nous, a qui agrada el local, les seves caracter\u00edstiques, el preu promocional\u2026. Per\u00f2 em quedo amb la sensaci\u00f3 que es respira: Som coworking!, som generadors d\u2019oportunitats, i aquest valor diferencia no \u00e9s un servei, \u00e9s un creixement professional i, perqu\u00e8 no, tamb\u00e9 personal. \u00c9s el que ens posiciona i el que aprecien els que segueixen amb nosaltres. Perqu\u00e8 la nostra oportunitat com a espai no \u00e9s recrear el concepte actual de coworking, sin\u00f3 en cercar el model cap on podem anar tenint en compte les circumst\u00e0ncies actuals dintre del m\u00f3n de les oportunitats laborals, de les empreses, economies i cadenes de valor.<\/p>\n<p>El missatge m\u00e9s clar i directe l\u2019ofereixen aquells que estan apostant per Alpha Espai com a lloc i model en la seva forma de treball de futur. El que refor\u00e7a Alpha Espai \u00e9s el reconeixement dels\u00a0 seus valors i el seu concepte per part dels coworkers i tota la seva comunitat.<\/p>\n<p>El futur del coworking passa per incorporar visions diferents a la mera gesti\u00f3 d\u2019espais. En aquest sentit, C\u00e9sar Llorente (@cesarllorente), autor del llibre \u201cCoworking, compartir para crecer (c\u00f3mo ser coworker)\u201d d\u00f3na una perspectiva completa del concepte. La seva obra recull els valors intangibles del coworking i explica les actituds necess\u00e0ries per a convertir-se en coworker. Algunes de les persones que van escoltar aquest missatge ara s\u00f3n membres de la comunitat Alpha Espai. I s\u00f3n aqu\u00ed perqu\u00e8 a trav\u00e9s la nostra idea els arriben les oportunitats. Va ser la nostra primera fita, va se el nostre primer objectiu.<\/p>\n<p>La comunitat d\u2019un espai es fa m\u00e9s gran si es crea la Comunitat de comunitats, que pot permetre un creixement exponencial del desenvolupament del coworking i del coneixement dels seus membres. A Catalunya, amb una forta tradici\u00f3 associativa, al 2014 neix COWOCAT, Associaci\u00f3 Coworking de Catalunya @cowocat , formada per diferents espais, cada un amb les seves caracter\u00edstiques diferencials, que compartint idees i la mateixa noci\u00f3 de futur, estan treballant per impulsar una comunitat de coworking de refer\u00e8ncia amb projecci\u00f3 internacional.<\/p>\n<p>Post de Jordi Silvente\u00a0<a href=\"https:\/\/twitter.com\/jordisilvente\">@jordisilvente<\/a><\/p>\n<p>CEO &amp; Co-founder Alpha Espai Coworking \/ CEO &amp; Co-founder\u00a0<a href=\"http:\/\/www.ugowegotours.com\/\">Ugowegotours<\/a><\/p>\n<p>Co-founder @Cowocat \u2013\u00a0<a href=\"http:\/\/www.cowocat.cat\/\">Associaci\u00f3 Coworking de Catalunya<\/a><\/p>\n","protected":false},"excerpt":{"rendered":"<p>En aquest primer post personal, com a dinamitzador que gestiona i dirigeix aquest espai, us explicar\u00e9 la import\u00e0ncia del primer any d\u2019exist\u00e8ncia. Vaig comen\u00e7ar a llegir sobre el concepte coworking, quan encara treballava com a directiu en una multinacional. Vaig prendre consci\u00e8ncia, llavors, que el fort creixement de l\u2019empresa havia donat lloc a un canvi [&hellip;]<\/p>\n","protected":false},"author":2,"featured_media":3737,"comment_status":"open","ping_status":"closed","sticky":false,"template":"","format":"standard","meta":{"footnotes":""},"categories":[46],"tags":[],"class_list":["post-3741","post","type-post","status-publish","format-standard","has-post-thumbnail","hentry","category-blog-ca"],"yoast_head":"<!-- This site is optimized with the Yoast SEO plugin v27.5 - https:\/\/yoast.com\/product\/yoast-seo-wordpress\/ -->\n<title>Alpha Espai Coworking: Un any de comunitat - Alpha Espai Coworking<\/title>\n<meta name=\"robots\" content=\"index, follow, max-snippet:-1, max-image-preview:large, max-video-preview:-1\" \/>\n<link rel=\"canonical\" href=\"https:\/\/alphaespai.com\/ca\/alpha-espai-coworking-un-any-de-comunitat\/\" \/>\n<meta property=\"og:locale\" content=\"ca_ES\" \/>\n<meta property=\"og:type\" content=\"article\" \/>\n<meta property=\"og:title\" content=\"Alpha Espai Coworking: Un any de comunitat - Alpha Espai Coworking\" \/>\n<meta property=\"og:description\" content=\"En aquest primer post personal, com a dinamitzador que gestiona i dirigeix aquest espai, us explicar\u00e9 la import\u00e0ncia del primer any d\u2019exist\u00e8ncia. Vaig comen\u00e7ar a llegir sobre el concepte coworking, quan encara treballava com a directiu en una multinacional. Vaig prendre consci\u00e8ncia, llavors, que el fort creixement de l\u2019empresa havia donat lloc a un canvi [&hellip;]\" \/>\n<meta property=\"og:url\" content=\"https:\/\/alphaespai.com\/ca\/alpha-espai-coworking-un-any-de-comunitat\/\" \/>\n<meta property=\"og:site_name\" content=\"Alpha Espai Coworking\" \/>\n<meta property=\"article:published_time\" content=\"2014-12-17T10:20:24+00:00\" \/>\n<meta property=\"article:modified_time\" content=\"2015-03-04T13:33:19+00:00\" \/>\n<meta property=\"og:image\" content=\"https:\/\/alphaespai.com\/wp-content\/uploads\/2014\/12\/Coworking-Alpha-Espai.jpg\" \/>\n\t<meta property=\"og:image:width\" content=\"1005\" \/>\n\t<meta property=\"og:image:height\" content=\"408\" \/>\n\t<meta property=\"og:image:type\" content=\"image\/jpeg\" \/>\n<meta name=\"author\" content=\"coworkin-ca\" \/>\n<meta name=\"twitter:label1\" content=\"Escrit per\" \/>\n\t<meta name=\"twitter:data1\" content=\"coworkin-ca\" \/>\n\t<meta name=\"twitter:label2\" content=\"Temps estimat de lectura\" \/>\n\t<meta name=\"twitter:data2\" content=\"3 minuts\" \/>\n<script type=\"application\/ld+json\" class=\"yoast-schema-graph\">{\"@context\":\"https:\\\/\\\/schema.org\",\"@graph\":[{\"@type\":\"Article\",\"@id\":\"https:\\\/\\\/alphaespai.com\\\/ca\\\/alpha-espai-coworking-un-any-de-comunitat\\\/#article\",\"isPartOf\":{\"@id\":\"https:\\\/\\\/alphaespai.com\\\/ca\\\/alpha-espai-coworking-un-any-de-comunitat\\\/\"},\"author\":{\"name\":\"coworkin-ca\",\"@id\":\"https:\\\/\\\/alphaespai.com\\\/ca\\\/#\\\/schema\\\/person\\\/9a2164352573c12de11f68bd6c6a43d0\"},\"headline\":\"Alpha Espai Coworking: Un any de comunitat\",\"datePublished\":\"2014-12-17T10:20:24+00:00\",\"dateModified\":\"2015-03-04T13:33:19+00:00\",\"mainEntityOfPage\":{\"@id\":\"https:\\\/\\\/alphaespai.com\\\/ca\\\/alpha-espai-coworking-un-any-de-comunitat\\\/\"},\"wordCount\":586,\"commentCount\":0,\"image\":{\"@id\":\"https:\\\/\\\/alphaespai.com\\\/ca\\\/alpha-espai-coworking-un-any-de-comunitat\\\/#primaryimage\"},\"thumbnailUrl\":\"https:\\\/\\\/alphaespai.com\\\/wp-content\\\/uploads\\\/2014\\\/12\\\/Coworking-Alpha-Espai.jpg\",\"articleSection\":[\"Blog\"],\"inLanguage\":\"ca\",\"potentialAction\":[{\"@type\":\"CommentAction\",\"name\":\"Comment\",\"target\":[\"https:\\\/\\\/alphaespai.com\\\/ca\\\/alpha-espai-coworking-un-any-de-comunitat\\\/#respond\"]}]},{\"@type\":\"WebPage\",\"@id\":\"https:\\\/\\\/alphaespai.com\\\/ca\\\/alpha-espai-coworking-un-any-de-comunitat\\\/\",\"url\":\"https:\\\/\\\/alphaespai.com\\\/ca\\\/alpha-espai-coworking-un-any-de-comunitat\\\/\",\"name\":\"Alpha Espai Coworking: Un any de comunitat - Alpha Espai Coworking\",\"isPartOf\":{\"@id\":\"https:\\\/\\\/alphaespai.com\\\/ca\\\/#website\"},\"primaryImageOfPage\":{\"@id\":\"https:\\\/\\\/alphaespai.com\\\/ca\\\/alpha-espai-coworking-un-any-de-comunitat\\\/#primaryimage\"},\"image\":{\"@id\":\"https:\\\/\\\/alphaespai.com\\\/ca\\\/alpha-espai-coworking-un-any-de-comunitat\\\/#primaryimage\"},\"thumbnailUrl\":\"https:\\\/\\\/alphaespai.com\\\/wp-content\\\/uploads\\\/2014\\\/12\\\/Coworking-Alpha-Espai.jpg\",\"datePublished\":\"2014-12-17T10:20:24+00:00\",\"dateModified\":\"2015-03-04T13:33:19+00:00\",\"author\":{\"@id\":\"https:\\\/\\\/alphaespai.com\\\/ca\\\/#\\\/schema\\\/person\\\/9a2164352573c12de11f68bd6c6a43d0\"},\"inLanguage\":\"ca\",\"potentialAction\":[{\"@type\":\"ReadAction\",\"target\":[\"https:\\\/\\\/alphaespai.com\\\/ca\\\/alpha-espai-coworking-un-any-de-comunitat\\\/\"]}]},{\"@type\":\"ImageObject\",\"inLanguage\":\"ca\",\"@id\":\"https:\\\/\\\/alphaespai.com\\\/ca\\\/alpha-espai-coworking-un-any-de-comunitat\\\/#primaryimage\",\"url\":\"https:\\\/\\\/alphaespai.com\\\/wp-content\\\/uploads\\\/2014\\\/12\\\/Coworking-Alpha-Espai.jpg\",\"contentUrl\":\"https:\\\/\\\/alphaespai.com\\\/wp-content\\\/uploads\\\/2014\\\/12\\\/Coworking-Alpha-Espai.jpg\",\"width\":1005,\"height\":408},{\"@type\":\"WebSite\",\"@id\":\"https:\\\/\\\/alphaespai.com\\\/ca\\\/#website\",\"url\":\"https:\\\/\\\/alphaespai.com\\\/ca\\\/\",\"name\":\"Alpha Espai Coworking\",\"description\":\"Espai de Coworking a Barcelona\",\"potentialAction\":[{\"@type\":\"SearchAction\",\"target\":{\"@type\":\"EntryPoint\",\"urlTemplate\":\"https:\\\/\\\/alphaespai.com\\\/ca\\\/?s={search_term_string}\"},\"query-input\":{\"@type\":\"PropertyValueSpecification\",\"valueRequired\":true,\"valueName\":\"search_term_string\"}}],\"inLanguage\":\"ca\"},{\"@type\":\"Person\",\"@id\":\"https:\\\/\\\/alphaespai.com\\\/ca\\\/#\\\/schema\\\/person\\\/9a2164352573c12de11f68bd6c6a43d0\",\"name\":\"coworkin-ca\",\"image\":{\"@type\":\"ImageObject\",\"inLanguage\":\"ca\",\"@id\":\"https:\\\/\\\/secure.gravatar.com\\\/avatar\\\/0fd3685038f2deff2df062c99769712af5284c8544c01fa3272c6e3d130fbe69?s=96&d=mm&r=g\",\"url\":\"https:\\\/\\\/secure.gravatar.com\\\/avatar\\\/0fd3685038f2deff2df062c99769712af5284c8544c01fa3272c6e3d130fbe69?s=96&d=mm&r=g\",\"contentUrl\":\"https:\\\/\\\/secure.gravatar.com\\\/avatar\\\/0fd3685038f2deff2df062c99769712af5284c8544c01fa3272c6e3d130fbe69?s=96&d=mm&r=g\",\"caption\":\"coworkin-ca\"},\"url\":\"https:\\\/\\\/alphaespai.com\\\/ca\\\/author\\\/coworkin-ca\\\/\"}]}<\/script>\n<!-- \/ Yoast SEO plugin. -->","yoast_head_json":{"title":"Alpha Espai Coworking: Un any de comunitat - Alpha Espai Coworking","robots":{"index":"index","follow":"follow","max-snippet":"max-snippet:-1","max-image-preview":"max-image-preview:large","max-video-preview":"max-video-preview:-1"},"canonical":"https:\/\/alphaespai.com\/ca\/alpha-espai-coworking-un-any-de-comunitat\/","og_locale":"ca_ES","og_type":"article","og_title":"Alpha Espai Coworking: Un any de comunitat - Alpha Espai Coworking","og_description":"En aquest primer post personal, com a dinamitzador que gestiona i dirigeix aquest espai, us explicar\u00e9 la import\u00e0ncia del primer any d\u2019exist\u00e8ncia. Vaig comen\u00e7ar a llegir sobre el concepte coworking, quan encara treballava com a directiu en una multinacional. Vaig prendre consci\u00e8ncia, llavors, que el fort creixement de l\u2019empresa havia donat lloc a un canvi [&hellip;]","og_url":"https:\/\/alphaespai.com\/ca\/alpha-espai-coworking-un-any-de-comunitat\/","og_site_name":"Alpha Espai Coworking","article_published_time":"2014-12-17T10:20:24+00:00","article_modified_time":"2015-03-04T13:33:19+00:00","og_image":[{"width":1005,"height":408,"url":"https:\/\/alphaespai.com\/wp-content\/uploads\/2014\/12\/Coworking-Alpha-Espai.jpg","type":"image\/jpeg"}],"author":"coworkin-ca","twitter_misc":{"Escrit per":"coworkin-ca","Temps estimat de lectura":"3 minuts"},"schema":{"@context":"https:\/\/schema.org","@graph":[{"@type":"Article","@id":"https:\/\/alphaespai.com\/ca\/alpha-espai-coworking-un-any-de-comunitat\/#article","isPartOf":{"@id":"https:\/\/alphaespai.com\/ca\/alpha-espai-coworking-un-any-de-comunitat\/"},"author":{"name":"coworkin-ca","@id":"https:\/\/alphaespai.com\/ca\/#\/schema\/person\/9a2164352573c12de11f68bd6c6a43d0"},"headline":"Alpha Espai Coworking: Un any de comunitat","datePublished":"2014-12-17T10:20:24+00:00","dateModified":"2015-03-04T13:33:19+00:00","mainEntityOfPage":{"@id":"https:\/\/alphaespai.com\/ca\/alpha-espai-coworking-un-any-de-comunitat\/"},"wordCount":586,"commentCount":0,"image":{"@id":"https:\/\/alphaespai.com\/ca\/alpha-espai-coworking-un-any-de-comunitat\/#primaryimage"},"thumbnailUrl":"https:\/\/alphaespai.com\/wp-content\/uploads\/2014\/12\/Coworking-Alpha-Espai.jpg","articleSection":["Blog"],"inLanguage":"ca","potentialAction":[{"@type":"CommentAction","name":"Comment","target":["https:\/\/alphaespai.com\/ca\/alpha-espai-coworking-un-any-de-comunitat\/#respond"]}]},{"@type":"WebPage","@id":"https:\/\/alphaespai.com\/ca\/alpha-espai-coworking-un-any-de-comunitat\/","url":"https:\/\/alphaespai.com\/ca\/alpha-espai-coworking-un-any-de-comunitat\/","name":"Alpha Espai Coworking: Un any de comunitat - Alpha Espai Coworking","isPartOf":{"@id":"https:\/\/alphaespai.com\/ca\/#website"},"primaryImageOfPage":{"@id":"https:\/\/alphaespai.com\/ca\/alpha-espai-coworking-un-any-de-comunitat\/#primaryimage"},"image":{"@id":"https:\/\/alphaespai.com\/ca\/alpha-espai-coworking-un-any-de-comunitat\/#primaryimage"},"thumbnailUrl":"https:\/\/alphaespai.com\/wp-content\/uploads\/2014\/12\/Coworking-Alpha-Espai.jpg","datePublished":"2014-12-17T10:20:24+00:00","dateModified":"2015-03-04T13:33:19+00:00","author":{"@id":"https:\/\/alphaespai.com\/ca\/#\/schema\/person\/9a2164352573c12de11f68bd6c6a43d0"},"inLanguage":"ca","potentialAction":[{"@type":"ReadAction","target":["https:\/\/alphaespai.com\/ca\/alpha-espai-coworking-un-any-de-comunitat\/"]}]},{"@type":"ImageObject","inLanguage":"ca","@id":"https:\/\/alphaespai.com\/ca\/alpha-espai-coworking-un-any-de-comunitat\/#primaryimage","url":"https:\/\/alphaespai.com\/wp-content\/uploads\/2014\/12\/Coworking-Alpha-Espai.jpg","contentUrl":"https:\/\/alphaespai.com\/wp-content\/uploads\/2014\/12\/Coworking-Alpha-Espai.jpg","width":1005,"height":408},{"@type":"WebSite","@id":"https:\/\/alphaespai.com\/ca\/#website","url":"https:\/\/alphaespai.com\/ca\/","name":"Alpha Espai Coworking","description":"Espai de Coworking a Barcelona","potentialAction":[{"@type":"SearchAction","target":{"@type":"EntryPoint","urlTemplate":"https:\/\/alphaespai.com\/ca\/?s={search_term_string}"},"query-input":{"@type":"PropertyValueSpecification","valueRequired":true,"valueName":"search_term_string"}}],"inLanguage":"ca"},{"@type":"Person","@id":"https:\/\/alphaespai.com\/ca\/#\/schema\/person\/9a2164352573c12de11f68bd6c6a43d0","name":"coworkin-ca","image":{"@type":"ImageObject","inLanguage":"ca","@id":"https:\/\/secure.gravatar.com\/avatar\/0fd3685038f2deff2df062c99769712af5284c8544c01fa3272c6e3d130fbe69?s=96&d=mm&r=g","url":"https:\/\/secure.gravatar.com\/avatar\/0fd3685038f2deff2df062c99769712af5284c8544c01fa3272c6e3d130fbe69?s=96&d=mm&r=g","contentUrl":"https:\/\/secure.gravatar.com\/avatar\/0fd3685038f2deff2df062c99769712af5284c8544c01fa3272c6e3d130fbe69?s=96&d=mm&r=g","caption":"coworkin-ca"},"url":"https:\/\/alphaespai.com\/ca\/author\/coworkin-ca\/"}]}},"_links":{"self":[{"href":"https:\/\/alphaespai.com\/ca\/wp-json\/wp\/v2\/posts\/3741","targetHints":{"allow":["GET"]}}],"collection":[{"href":"https:\/\/alphaespai.com\/ca\/wp-json\/wp\/v2\/posts"}],"about":[{"href":"https:\/\/alphaespai.com\/ca\/wp-json\/wp\/v2\/types\/post"}],"author":[{"embeddable":true,"href":"https:\/\/alphaespai.com\/ca\/wp-json\/wp\/v2\/users\/2"}],"replies":[{"embeddable":true,"href":"https:\/\/alphaespai.com\/ca\/wp-json\/wp\/v2\/comments?post=3741"}],"version-history":[{"count":0,"href":"https:\/\/alphaespai.com\/ca\/wp-json\/wp\/v2\/posts\/3741\/revisions"}],"wp:featuredmedia":[{"embeddable":true,"href":"https:\/\/alphaespai.com\/ca\/wp-json\/wp\/v2\/media\/3737"}],"wp:attachment":[{"href":"https:\/\/alphaespai.com\/ca\/wp-json\/wp\/v2\/media?parent=3741"}],"wp:term":[{"taxonomy":"category","embeddable":true,"href":"https:\/\/alphaespai.com\/ca\/wp-json\/wp\/v2\/categories?post=3741"},{"taxonomy":"post_tag","embeddable":true,"href":"https:\/\/alphaespai.com\/ca\/wp-json\/wp\/v2\/tags?post=3741"}],"curies":[{"name":"wp","href":"https:\/\/api.w.org\/{rel}","templated":true}]}}