{"id":3744,"date":"2015-01-21T10:09:25","date_gmt":"2015-01-21T10:09:25","guid":{"rendered":"http:\/\/coworking.freesite.host\/?p=3744"},"modified":"2015-03-19T16:28:52","modified_gmt":"2015-03-19T16:28:52","slug":"evento-formativo-5-pasos-claves-para-potenciar-tu-negocio-en-el-2015-2","status":"publish","type":"post","link":"https:\/\/alphaespai.com\/ca\/evento-formativo-5-pasos-claves-para-potenciar-tu-negocio-en-el-2015-2\/","title":{"rendered":"EVENTO FORMATIVO: 5 Pasos claves para potenciar tu negocio en el 2015"},"content":{"rendered":"<p><strong>Raquel Cabrera, <\/strong>creadora i fundadora de <a href=\"http:\/\/www.consultoria-emprendedores.com\/talleres-presenciales.html\">Consultor\u00eda para Emprendedores y peque\u00f1as empresas<\/a>, ens porta un dels seus tallers de creixement empresarial.<\/p>\n<p>Taller idoni per aturar i pensar com vols que sigui el teu negoci en aquests 12 mesos que tens per davant. La manca de temps, el no poder fer un pla d\u2019acci\u00f3 efectiu i el no tenir el comprom\u00eds real per fer-las realitat, no ens ajuda a assolir el que realment volem pel nostre negoci.<\/p>\n<p>En aquest taller, revisar\u00e0s el que ha passat al 2014,\u00a0 visualitzar\u00e0s el que vols assolir al 2015 i elaborar\u00e0s un pla d\u2019acci\u00f3 per arribar al que vols que sigui el teu negoci. Per aix\u00f2, farem servir metodologies visuals i creatives que faran que la sessi\u00f3 sigui m\u00e9s efica\u00e7, productiva i divertida.<\/p>\n<p>Si est\u00e0s en un moment en el que necessites fer coses diferents per a que el teu negoci creixi, descobrir un nou cam\u00ed per a que el teu negoci sigui com desitges, una estrat\u00e8gia per portar-la a termini o elaborar un pla efica\u00e7 que faci aconseguir el proposat, aquest taller t\u2019ajudar\u00e0.<\/p>\n<p><em><strong>PREU DEL TALLER: 20\u20ac (Inclou material de treball)<\/strong><\/em><\/p>\n<p>Aconsegueix un 10% de descompte fen-te fan a la p\u00e0gina de facebook de<a href=\"https:\/\/www.facebook.com\/emprendedoresconsultoria?fref=ts\">Consultor\u00eda para emprendedores<\/a>\u00a0i d\u2019\u00a0<a href=\"https:\/\/www.facebook.com\/AlphaEspaiCoworking\">Alpha Espai Coworking<\/a>\u00a0i \u00a0un 20% de descompte si el comparteixes en el teu mur.<\/p>\n<p><strong>Registrarse a<a href=\"http:\/\/www.consultoria-emprendedores.com\/formulario-de-inscripcioacuten-talleres-presenciales.html\">\u00a05 PASOS CLAVES PARA POTENCIA TU NEGOCIO EN EL 2015<\/a><\/strong><\/p>\n<p>&nbsp;<\/p>\n<p><a href=\"https:\/\/alphaespai.com\/wp-content\/uploads\/2015\/03\/Raquel-Cabrera-21_01_2015_001.png\"><img fetchpriority=\"high\" decoding=\"async\" class=\"alignnone size-full wp-image-3732\" src=\"https:\/\/alphaespai.com\/wp-content\/uploads\/2015\/03\/Raquel-Cabrera-21_01_2015_001.png\" alt=\"Raquel-Cabrera-21_01_2015_001\" width=\"595\" height=\"842\" srcset=\"https:\/\/alphaespai.com\/wp-content\/uploads\/2015\/03\/Raquel-Cabrera-21_01_2015_001.png 595w, https:\/\/alphaespai.com\/wp-content\/uploads\/2015\/03\/Raquel-Cabrera-21_01_2015_001-212x300.png 212w\" sizes=\"(max-width: 595px) 100vw, 595px\" \/><\/a><\/p>\n","protected":false},"excerpt":{"rendered":"<p>Raquel Cabrera, creadora i fundadora de Consultor\u00eda para Emprendedores y peque\u00f1as empresas, ens porta un dels seus tallers de creixement empresarial. Taller idoni per aturar i pensar com vols que sigui el teu negoci en aquests 12 mesos que tens per davant. La manca de temps, el no poder fer un pla d\u2019acci\u00f3 efectiu i [&hellip;]<\/p>\n","protected":false},"author":34,"featured_media":0,"comment_status":"open","ping_status":"closed","sticky":false,"template":"","format":"standard","meta":{"footnotes":""},"categories":[105],"tags":[],"class_list":["post-3744","post","type-post","status-publish","format-standard","hentry","category-esdeveniments"],"yoast_head":"<!-- This site is optimized with the Yoast SEO plugin v27.5 - https:\/\/yoast.com\/product\/yoast-seo-wordpress\/ -->\n<title>EVENTO FORMATIVO: 5 Pasos claves para potenciar tu negocio en el 2015 - Alpha Espai Coworking<\/title>\n<meta name=\"robots\" content=\"index, follow, max-snippet:-1, max-image-preview:large, max-video-preview:-1\" \/>\n<link rel=\"canonical\" href=\"https:\/\/alphaespai.com\/ca\/evento-formativo-5-pasos-claves-para-potenciar-tu-negocio-en-el-2015-2\/\" \/>\n<meta property=\"og:locale\" content=\"ca_ES\" \/>\n<meta property=\"og:type\" content=\"article\" \/>\n<meta property=\"og:title\" content=\"EVENTO FORMATIVO: 5 Pasos claves para potenciar tu negocio en el 2015 - Alpha Espai Coworking\" \/>\n<meta property=\"og:description\" content=\"Raquel Cabrera, creadora i fundadora de Consultor\u00eda para Emprendedores y peque\u00f1as empresas, ens porta un dels seus tallers de creixement empresarial. Taller idoni per aturar i pensar com vols que sigui el teu negoci en aquests 12 mesos que tens per davant. La manca de temps, el no poder fer un pla d\u2019acci\u00f3 efectiu i [&hellip;]\" \/>\n<meta property=\"og:url\" content=\"https:\/\/alphaespai.com\/ca\/evento-formativo-5-pasos-claves-para-potenciar-tu-negocio-en-el-2015-2\/\" \/>\n<meta property=\"og:site_name\" content=\"Alpha Espai Coworking\" \/>\n<meta property=\"article:published_time\" content=\"2015-01-21T10:09:25+00:00\" \/>\n<meta property=\"article:modified_time\" content=\"2015-03-19T16:28:52+00:00\" \/>\n<meta property=\"og:image\" content=\"https:\/\/alphaespai.com\/wp-content\/uploads\/2015\/03\/Raquel-Cabrera-21_01_2015_001.png\" \/>\n<meta name=\"author\" content=\"Jordi Silvente\" \/>\n<meta name=\"twitter:label1\" content=\"Escrit per\" \/>\n\t<meta name=\"twitter:data1\" content=\"Jordi Silvente\" \/>\n\t<meta name=\"twitter:label2\" content=\"Temps estimat de lectura\" \/>\n\t<meta name=\"twitter:data2\" content=\"1 minut\" \/>\n<script type=\"application\/ld+json\" class=\"yoast-schema-graph\">{\"@context\":\"https:\\\/\\\/schema.org\",\"@graph\":[{\"@type\":\"Article\",\"@id\":\"https:\\\/\\\/alphaespai.com\\\/ca\\\/evento-formativo-5-pasos-claves-para-potenciar-tu-negocio-en-el-2015-2\\\/#article\",\"isPartOf\":{\"@id\":\"https:\\\/\\\/alphaespai.com\\\/ca\\\/evento-formativo-5-pasos-claves-para-potenciar-tu-negocio-en-el-2015-2\\\/\"},\"author\":{\"name\":\"Jordi Silvente\",\"@id\":\"https:\\\/\\\/alphaespai.com\\\/ca\\\/#\\\/schema\\\/person\\\/7a54c95fe3662411f9bc61a7b3875757\"},\"headline\":\"EVENTO FORMATIVO: 5 Pasos claves para potenciar tu negocio en el 2015\",\"datePublished\":\"2015-01-21T10:09:25+00:00\",\"dateModified\":\"2015-03-19T16:28:52+00:00\",\"mainEntityOfPage\":{\"@id\":\"https:\\\/\\\/alphaespai.com\\\/ca\\\/evento-formativo-5-pasos-claves-para-potenciar-tu-negocio-en-el-2015-2\\\/\"},\"wordCount\":247,\"commentCount\":0,\"image\":{\"@id\":\"https:\\\/\\\/alphaespai.com\\\/ca\\\/evento-formativo-5-pasos-claves-para-potenciar-tu-negocio-en-el-2015-2\\\/#primaryimage\"},\"thumbnailUrl\":\"https:\\\/\\\/alphaespai.com\\\/wp-content\\\/uploads\\\/2015\\\/03\\\/Raquel-Cabrera-21_01_2015_001.png\",\"articleSection\":[\"Esdeveniments\"],\"inLanguage\":\"ca\",\"potentialAction\":[{\"@type\":\"CommentAction\",\"name\":\"Comment\",\"target\":[\"https:\\\/\\\/alphaespai.com\\\/ca\\\/evento-formativo-5-pasos-claves-para-potenciar-tu-negocio-en-el-2015-2\\\/#respond\"]}]},{\"@type\":\"WebPage\",\"@id\":\"https:\\\/\\\/alphaespai.com\\\/ca\\\/evento-formativo-5-pasos-claves-para-potenciar-tu-negocio-en-el-2015-2\\\/\",\"url\":\"https:\\\/\\\/alphaespai.com\\\/ca\\\/evento-formativo-5-pasos-claves-para-potenciar-tu-negocio-en-el-2015-2\\\/\",\"name\":\"EVENTO FORMATIVO: 5 Pasos claves para potenciar tu negocio en el 2015 - Alpha Espai Coworking\",\"isPartOf\":{\"@id\":\"https:\\\/\\\/alphaespai.com\\\/ca\\\/#website\"},\"primaryImageOfPage\":{\"@id\":\"https:\\\/\\\/alphaespai.com\\\/ca\\\/evento-formativo-5-pasos-claves-para-potenciar-tu-negocio-en-el-2015-2\\\/#primaryimage\"},\"image\":{\"@id\":\"https:\\\/\\\/alphaespai.com\\\/ca\\\/evento-formativo-5-pasos-claves-para-potenciar-tu-negocio-en-el-2015-2\\\/#primaryimage\"},\"thumbnailUrl\":\"https:\\\/\\\/alphaespai.com\\\/wp-content\\\/uploads\\\/2015\\\/03\\\/Raquel-Cabrera-21_01_2015_001.png\",\"datePublished\":\"2015-01-21T10:09:25+00:00\",\"dateModified\":\"2015-03-19T16:28:52+00:00\",\"author\":{\"@id\":\"https:\\\/\\\/alphaespai.com\\\/ca\\\/#\\\/schema\\\/person\\\/7a54c95fe3662411f9bc61a7b3875757\"},\"inLanguage\":\"ca\",\"potentialAction\":[{\"@type\":\"ReadAction\",\"target\":[\"https:\\\/\\\/alphaespai.com\\\/ca\\\/evento-formativo-5-pasos-claves-para-potenciar-tu-negocio-en-el-2015-2\\\/\"]}]},{\"@type\":\"ImageObject\",\"inLanguage\":\"ca\",\"@id\":\"https:\\\/\\\/alphaespai.com\\\/ca\\\/evento-formativo-5-pasos-claves-para-potenciar-tu-negocio-en-el-2015-2\\\/#primaryimage\",\"url\":\"https:\\\/\\\/alphaespai.com\\\/wp-content\\\/uploads\\\/2015\\\/03\\\/Raquel-Cabrera-21_01_2015_001.png\",\"contentUrl\":\"https:\\\/\\\/alphaespai.com\\\/wp-content\\\/uploads\\\/2015\\\/03\\\/Raquel-Cabrera-21_01_2015_001.png\"},{\"@type\":\"WebSite\",\"@id\":\"https:\\\/\\\/alphaespai.com\\\/ca\\\/#website\",\"url\":\"https:\\\/\\\/alphaespai.com\\\/ca\\\/\",\"name\":\"Alpha Espai Coworking\",\"description\":\"Espai de Coworking a Barcelona\",\"potentialAction\":[{\"@type\":\"SearchAction\",\"target\":{\"@type\":\"EntryPoint\",\"urlTemplate\":\"https:\\\/\\\/alphaespai.com\\\/ca\\\/?s={search_term_string}\"},\"query-input\":{\"@type\":\"PropertyValueSpecification\",\"valueRequired\":true,\"valueName\":\"search_term_string\"}}],\"inLanguage\":\"ca\"},{\"@type\":\"Person\",\"@id\":\"https:\\\/\\\/alphaespai.com\\\/ca\\\/#\\\/schema\\\/person\\\/7a54c95fe3662411f9bc61a7b3875757\",\"name\":\"Jordi Silvente\",\"image\":{\"@type\":\"ImageObject\",\"inLanguage\":\"ca\",\"@id\":\"https:\\\/\\\/secure.gravatar.com\\\/avatar\\\/3e62d1a33729936e1b5ed0b7452ba68de85677574466df96ba46ab1152cdcba3?s=96&d=mm&r=g\",\"url\":\"https:\\\/\\\/secure.gravatar.com\\\/avatar\\\/3e62d1a33729936e1b5ed0b7452ba68de85677574466df96ba46ab1152cdcba3?s=96&d=mm&r=g\",\"contentUrl\":\"https:\\\/\\\/secure.gravatar.com\\\/avatar\\\/3e62d1a33729936e1b5ed0b7452ba68de85677574466df96ba46ab1152cdcba3?s=96&d=mm&r=g\",\"caption\":\"Jordi Silvente\"},\"url\":\"https:\\\/\\\/alphaespai.com\\\/ca\\\/author\\\/admin\\\/\"}]}<\/script>\n<!-- \/ Yoast SEO plugin. -->","yoast_head_json":{"title":"EVENTO FORMATIVO: 5 Pasos claves para potenciar tu negocio en el 2015 - Alpha Espai Coworking","robots":{"index":"index","follow":"follow","max-snippet":"max-snippet:-1","max-image-preview":"max-image-preview:large","max-video-preview":"max-video-preview:-1"},"canonical":"https:\/\/alphaespai.com\/ca\/evento-formativo-5-pasos-claves-para-potenciar-tu-negocio-en-el-2015-2\/","og_locale":"ca_ES","og_type":"article","og_title":"EVENTO FORMATIVO: 5 Pasos claves para potenciar tu negocio en el 2015 - Alpha Espai Coworking","og_description":"Raquel Cabrera, creadora i fundadora de Consultor\u00eda para Emprendedores y peque\u00f1as empresas, ens porta un dels seus tallers de creixement empresarial. Taller idoni per aturar i pensar com vols que sigui el teu negoci en aquests 12 mesos que tens per davant. La manca de temps, el no poder fer un pla d\u2019acci\u00f3 efectiu i [&hellip;]","og_url":"https:\/\/alphaespai.com\/ca\/evento-formativo-5-pasos-claves-para-potenciar-tu-negocio-en-el-2015-2\/","og_site_name":"Alpha Espai Coworking","article_published_time":"2015-01-21T10:09:25+00:00","article_modified_time":"2015-03-19T16:28:52+00:00","og_image":[{"url":"https:\/\/alphaespai.com\/wp-content\/uploads\/2015\/03\/Raquel-Cabrera-21_01_2015_001.png","type":"","width":"","height":""}],"author":"Jordi Silvente","twitter_misc":{"Escrit per":"Jordi Silvente","Temps estimat de lectura":"1 minut"},"schema":{"@context":"https:\/\/schema.org","@graph":[{"@type":"Article","@id":"https:\/\/alphaespai.com\/ca\/evento-formativo-5-pasos-claves-para-potenciar-tu-negocio-en-el-2015-2\/#article","isPartOf":{"@id":"https:\/\/alphaespai.com\/ca\/evento-formativo-5-pasos-claves-para-potenciar-tu-negocio-en-el-2015-2\/"},"author":{"name":"Jordi Silvente","@id":"https:\/\/alphaespai.com\/ca\/#\/schema\/person\/7a54c95fe3662411f9bc61a7b3875757"},"headline":"EVENTO FORMATIVO: 5 Pasos claves para potenciar tu negocio en el 2015","datePublished":"2015-01-21T10:09:25+00:00","dateModified":"2015-03-19T16:28:52+00:00","mainEntityOfPage":{"@id":"https:\/\/alphaespai.com\/ca\/evento-formativo-5-pasos-claves-para-potenciar-tu-negocio-en-el-2015-2\/"},"wordCount":247,"commentCount":0,"image":{"@id":"https:\/\/alphaespai.com\/ca\/evento-formativo-5-pasos-claves-para-potenciar-tu-negocio-en-el-2015-2\/#primaryimage"},"thumbnailUrl":"https:\/\/alphaespai.com\/wp-content\/uploads\/2015\/03\/Raquel-Cabrera-21_01_2015_001.png","articleSection":["Esdeveniments"],"inLanguage":"ca","potentialAction":[{"@type":"CommentAction","name":"Comment","target":["https:\/\/alphaespai.com\/ca\/evento-formativo-5-pasos-claves-para-potenciar-tu-negocio-en-el-2015-2\/#respond"]}]},{"@type":"WebPage","@id":"https:\/\/alphaespai.com\/ca\/evento-formativo-5-pasos-claves-para-potenciar-tu-negocio-en-el-2015-2\/","url":"https:\/\/alphaespai.com\/ca\/evento-formativo-5-pasos-claves-para-potenciar-tu-negocio-en-el-2015-2\/","name":"EVENTO FORMATIVO: 5 Pasos claves para potenciar tu negocio en el 2015 - Alpha Espai Coworking","isPartOf":{"@id":"https:\/\/alphaespai.com\/ca\/#website"},"primaryImageOfPage":{"@id":"https:\/\/alphaespai.com\/ca\/evento-formativo-5-pasos-claves-para-potenciar-tu-negocio-en-el-2015-2\/#primaryimage"},"image":{"@id":"https:\/\/alphaespai.com\/ca\/evento-formativo-5-pasos-claves-para-potenciar-tu-negocio-en-el-2015-2\/#primaryimage"},"thumbnailUrl":"https:\/\/alphaespai.com\/wp-content\/uploads\/2015\/03\/Raquel-Cabrera-21_01_2015_001.png","datePublished":"2015-01-21T10:09:25+00:00","dateModified":"2015-03-19T16:28:52+00:00","author":{"@id":"https:\/\/alphaespai.com\/ca\/#\/schema\/person\/7a54c95fe3662411f9bc61a7b3875757"},"inLanguage":"ca","potentialAction":[{"@type":"ReadAction","target":["https:\/\/alphaespai.com\/ca\/evento-formativo-5-pasos-claves-para-potenciar-tu-negocio-en-el-2015-2\/"]}]},{"@type":"ImageObject","inLanguage":"ca","@id":"https:\/\/alphaespai.com\/ca\/evento-formativo-5-pasos-claves-para-potenciar-tu-negocio-en-el-2015-2\/#primaryimage","url":"https:\/\/alphaespai.com\/wp-content\/uploads\/2015\/03\/Raquel-Cabrera-21_01_2015_001.png","contentUrl":"https:\/\/alphaespai.com\/wp-content\/uploads\/2015\/03\/Raquel-Cabrera-21_01_2015_001.png"},{"@type":"WebSite","@id":"https:\/\/alphaespai.com\/ca\/#website","url":"https:\/\/alphaespai.com\/ca\/","name":"Alpha Espai Coworking","description":"Espai de Coworking a Barcelona","potentialAction":[{"@type":"SearchAction","target":{"@type":"EntryPoint","urlTemplate":"https:\/\/alphaespai.com\/ca\/?s={search_term_string}"},"query-input":{"@type":"PropertyValueSpecification","valueRequired":true,"valueName":"search_term_string"}}],"inLanguage":"ca"},{"@type":"Person","@id":"https:\/\/alphaespai.com\/ca\/#\/schema\/person\/7a54c95fe3662411f9bc61a7b3875757","name":"Jordi Silvente","image":{"@type":"ImageObject","inLanguage":"ca","@id":"https:\/\/secure.gravatar.com\/avatar\/3e62d1a33729936e1b5ed0b7452ba68de85677574466df96ba46ab1152cdcba3?s=96&d=mm&r=g","url":"https:\/\/secure.gravatar.com\/avatar\/3e62d1a33729936e1b5ed0b7452ba68de85677574466df96ba46ab1152cdcba3?s=96&d=mm&r=g","contentUrl":"https:\/\/secure.gravatar.com\/avatar\/3e62d1a33729936e1b5ed0b7452ba68de85677574466df96ba46ab1152cdcba3?s=96&d=mm&r=g","caption":"Jordi Silvente"},"url":"https:\/\/alphaespai.com\/ca\/author\/admin\/"}]}},"_links":{"self":[{"href":"https:\/\/alphaespai.com\/ca\/wp-json\/wp\/v2\/posts\/3744","targetHints":{"allow":["GET"]}}],"collection":[{"href":"https:\/\/alphaespai.com\/ca\/wp-json\/wp\/v2\/posts"}],"about":[{"href":"https:\/\/alphaespai.com\/ca\/wp-json\/wp\/v2\/types\/post"}],"author":[{"embeddable":true,"href":"https:\/\/alphaespai.com\/ca\/wp-json\/wp\/v2\/users\/34"}],"replies":[{"embeddable":true,"href":"https:\/\/alphaespai.com\/ca\/wp-json\/wp\/v2\/comments?post=3744"}],"version-history":[{"count":0,"href":"https:\/\/alphaespai.com\/ca\/wp-json\/wp\/v2\/posts\/3744\/revisions"}],"wp:attachment":[{"href":"https:\/\/alphaespai.com\/ca\/wp-json\/wp\/v2\/media?parent=3744"}],"wp:term":[{"taxonomy":"category","embeddable":true,"href":"https:\/\/alphaespai.com\/ca\/wp-json\/wp\/v2\/categories?post=3744"},{"taxonomy":"post_tag","embeddable":true,"href":"https:\/\/alphaespai.com\/ca\/wp-json\/wp\/v2\/tags?post=3744"}],"curies":[{"name":"wp","href":"https:\/\/api.w.org\/{rel}","templated":true}]}}