{"id":4198,"date":"2015-04-09T11:08:42","date_gmt":"2015-04-09T11:08:42","guid":{"rendered":"https:\/\/alphaespai.com\/evento-taller-presentacion-libro-papiconcilia-2\/"},"modified":"2015-04-18T19:29:27","modified_gmt":"2015-04-18T19:29:27","slug":"evento-taller-presentacion-libro-papiconcilia","status":"publish","type":"post","link":"https:\/\/alphaespai.com\/ca\/evento-taller-presentacion-libro-papiconcilia\/","title":{"rendered":"Evento-taller: Presentaci\u00f3n libro #papiconcilia en Barcelona"},"content":{"rendered":"<h2 style=\"text-align: justify;\">Viernes, 17 de Abril de 2015 , en <a href=\"https:\/\/www.google.es\/maps\/place\/Alpha+Espai+%23Coworking+%23Poblenou+%23Barcelona+%2322@\/@41.403937,2.198933,17z\/data=!3m1!4b1!4m2!3m1!1s0x12a4a33c218ca75b:0xf6f47fdca471f3f8\">Alpha Espai Coworking<\/a><\/h2>\n<p><strong>C\/ Pere IV, 214 &#8211; Entresuelo (Entrada por passatge Bosch i Labr\u00fas, 1)<\/strong><\/p>\n<h3>17:30 &#8211; 19:30<\/h3>\n<p>El pr\u00f3ximo 17 de abril presentaremos <a href=\"http:\/\/mamiconcilia.com\/papiconcilia\/\"><strong><span style=\"color: #6cada8;\">#papiconcilia <\/span><\/strong><\/a>en Alpha Espai de Barcelona con la participaci\u00f3n de 6 de sus autores y la creadora del movimiento<strong> <span style=\"color: #ff0000;\"><a style=\"color: #ff0000;\" href=\"http:\/\/mamiconcilia.com\/\">#mamiconcilia<\/a><\/span> <\/strong>Usue Medinaveitia <a href=\"https:\/\/twitter.com\/Usue?lang=es\">@usue<\/a>.<\/p>\n<p style=\"text-align: justify;\"><strong><span style=\"color: #6cada8;\">#papiconcilia<\/span> , <\/strong>es un libro necesario, que se enmarca en el contexto del movimiento ciudadano pro-conciliaci\u00f3n <strong><span style=\"color: #ff0000;\">#mamiconcilia<\/span>.<\/strong><\/p>\n<p style=\"text-align: justify;\"><span style=\"color: #6cada8;\"><strong>\u00bfPorqu\u00e9 #papiconcilia se presenta en Barcelona en Alpha Espai Coworking?<\/strong><\/span><\/p>\n<p style=\"text-align: justify;\">Porque uno de los testimonios es coworker en Alpha Espai. <strong><a href=\"https:\/\/alphaespai.com\/ca\/project\/canguro-en-casa-2\/\">Pau Almun\u00ed<\/a><\/strong>, nos describe en su cap\u00edtulo su historia de conciliaci\u00f3n, y el coworking, entra en su episodio personal como un elemento de conciliaci\u00f3n laboral con su vida personal y familiar, y como comenta Pau \u201cel coworking me aporta flexibilidad horaria, acompa\u00f1amiento en mi proyecto empresarial y un ambiente de trabajo af\u00edn a mis valores\u201d.<\/p>\n<p style=\"text-align: justify;\">El coworking como concepto de un nuevo formato de trabajo, lema en Alpha Espai, hace que los movimientos <strong><span style=\"color: #6cada8;\">#papiconcilia<\/span><\/strong> y <strong><span style=\"color: #ff0000;\">#mamiconcilia<\/span><\/strong> sean\u00a0 comunes a los modos de vida y objetivos de muchos de los que eligen el coworking como formato de trabajo para su actividad profesional.<\/p>\n<p style=\"text-align: justify;\">Los nuevos conceptos, los nuevos movimientos, pero sobretodo aplicarlo y \u00a0tomar riesgos en ello, es la verdadera innovaci\u00f3n en #conciliaci\u00f3n laboral y personal.<\/p>\n<p style=\"text-align: justify;\"><strong>\u00a0<\/strong><span style=\"color: #6cada8;\"><strong><a style=\"color: #6cada8;\" href=\"http:\/\/mamiconcilia.com\/papiconcilia\/\">#papiconcilia<\/a> son <\/strong><\/span>46 padres implicados en la crianza responsable de sus hijos comparten testimonios personales y cercanos sobre conciliaci\u00f3n en un libro, convirti\u00e9ndose en un verdadero ejemplo para la sociedad.<\/p>\n<p style=\"text-align: justify;\"><strong>Acceso gratuito, con aforo limitado. Reg\u00edstrate aqu\u00ed:\u00a0<a href=\"http:\/\/mamiconcilia.com\/presentacion-de-papiconcilia-en-barcelona\/\" target=\"_blank\">http:\/\/mamiconcilia.com\/<wbr \/>presentacion-de-papiconcilia-<wbr \/>en-barcelona\/<\/a><\/strong><\/p>\n<figure id=\"attachment_4189\" aria-describedby=\"caption-attachment-4189\" style=\"width: 147px\" class=\"wp-caption alignnone\"><a href=\"https:\/\/alphaespai.com\/wp-content\/uploads\/2015\/04\/papi_pau.png\"><img decoding=\"async\" class=\"wp-image-4189\" src=\"https:\/\/alphaespai.com\/wp-content\/uploads\/2015\/04\/papi_pau.png\" alt=\"papi_pau\" width=\"147\" height=\"147\" srcset=\"https:\/\/alphaespai.com\/wp-content\/uploads\/2015\/04\/papi_pau.png 206w, https:\/\/alphaespai.com\/wp-content\/uploads\/2015\/04\/papi_pau-150x150.png 150w\" sizes=\"(max-width: 147px) 100vw, 147px\" \/><\/a><figcaption id=\"caption-attachment-4189\" class=\"wp-caption-text\">Pau Almun\u00ed (imagen #papiconcilia)<\/figcaption><\/figure>\n","protected":false},"excerpt":{"rendered":"<p>Viernes, 17 de Abril de 2015 , en Alpha Espai Coworking C\/ Pere IV, 214 &#8211; Entresuelo (Entrada por passatge Bosch i Labr\u00fas, 1) 17:30 &#8211; 19:30 El pr\u00f3ximo 17 de abril presentaremos #papiconcilia en Alpha Espai de Barcelona con la participaci\u00f3n de 6 de sus autores y la creadora del movimiento #mamiconcilia Usue Medinaveitia [&hellip;]<\/p>\n","protected":false},"author":34,"featured_media":4190,"comment_status":"open","ping_status":"closed","sticky":false,"template":"","format":"standard","meta":{"footnotes":""},"categories":[105],"tags":[142,138,137,143,144,139,145,141,148,149,146,136,140,147],"class_list":["post-4198","post","type-post","status-publish","format-standard","has-post-thumbnail","hentry","category-esdeveniments","tag-conciliacion-ca","tag-conciliacion","tag-coworking","tag-coworking-ca-3","tag-emprendedores-ca","tag-emprendedores","tag-empresa-ca","tag-empresa","tag-mamiconcilia","tag-mamiconcilia-ca","tag-papiconcilia-ca","tag-papiconcilia","tag-trabajo","tag-trabajo-ca"],"yoast_head":"<!-- This site is optimized with the Yoast SEO plugin v27.5 - https:\/\/yoast.com\/product\/yoast-seo-wordpress\/ -->\n<title>Evento-taller: Presentaci\u00f3n libro #papiconcilia en Barcelona - Alpha Espai Coworking<\/title>\n<meta name=\"robots\" content=\"index, follow, max-snippet:-1, max-image-preview:large, max-video-preview:-1\" \/>\n<link rel=\"canonical\" href=\"https:\/\/alphaespai.com\/ca\/evento-taller-presentacion-libro-papiconcilia\/\" \/>\n<meta property=\"og:locale\" content=\"ca_ES\" \/>\n<meta property=\"og:type\" content=\"article\" \/>\n<meta property=\"og:title\" content=\"Evento-taller: Presentaci\u00f3n libro #papiconcilia en Barcelona - Alpha Espai Coworking\" \/>\n<meta property=\"og:description\" content=\"Viernes, 17 de Abril de 2015 , en Alpha Espai Coworking C\/ Pere IV, 214 &#8211; Entresuelo (Entrada por passatge Bosch i Labr\u00fas, 1) 17:30 &#8211; 19:30 El pr\u00f3ximo 17 de abril presentaremos #papiconcilia en Alpha Espai de Barcelona con la participaci\u00f3n de 6 de sus autores y la creadora del movimiento #mamiconcilia Usue Medinaveitia [&hellip;]\" \/>\n<meta property=\"og:url\" content=\"https:\/\/alphaespai.com\/ca\/evento-taller-presentacion-libro-papiconcilia\/\" \/>\n<meta property=\"og:site_name\" content=\"Alpha Espai Coworking\" \/>\n<meta property=\"article:published_time\" content=\"2015-04-09T11:08:42+00:00\" \/>\n<meta property=\"article:modified_time\" content=\"2015-04-18T19:29:27+00:00\" \/>\n<meta property=\"og:image\" content=\"https:\/\/alphaespai.com\/wp-content\/uploads\/2015\/04\/papiconcilia.png\" \/>\n\t<meta property=\"og:image:width\" content=\"1282\" \/>\n\t<meta property=\"og:image:height\" content=\"834\" \/>\n\t<meta property=\"og:image:type\" content=\"image\/png\" \/>\n<meta name=\"author\" content=\"Jordi Silvente\" \/>\n<meta name=\"twitter:label1\" content=\"Escrit per\" \/>\n\t<meta name=\"twitter:data1\" content=\"Jordi Silvente\" \/>\n\t<meta name=\"twitter:label2\" content=\"Temps estimat de lectura\" \/>\n\t<meta name=\"twitter:data2\" content=\"1 minut\" \/>\n<script type=\"application\/ld+json\" class=\"yoast-schema-graph\">{\"@context\":\"https:\\\/\\\/schema.org\",\"@graph\":[{\"@type\":\"Article\",\"@id\":\"https:\\\/\\\/alphaespai.com\\\/ca\\\/evento-taller-presentacion-libro-papiconcilia\\\/#article\",\"isPartOf\":{\"@id\":\"https:\\\/\\\/alphaespai.com\\\/ca\\\/evento-taller-presentacion-libro-papiconcilia\\\/\"},\"author\":{\"name\":\"Jordi Silvente\",\"@id\":\"https:\\\/\\\/alphaespai.com\\\/ca\\\/#\\\/schema\\\/person\\\/7a54c95fe3662411f9bc61a7b3875757\"},\"headline\":\"Evento-taller: Presentaci\u00f3n libro #papiconcilia en Barcelona\",\"datePublished\":\"2015-04-09T11:08:42+00:00\",\"dateModified\":\"2015-04-18T19:29:27+00:00\",\"mainEntityOfPage\":{\"@id\":\"https:\\\/\\\/alphaespai.com\\\/ca\\\/evento-taller-presentacion-libro-papiconcilia\\\/\"},\"wordCount\":279,\"commentCount\":0,\"image\":{\"@id\":\"https:\\\/\\\/alphaespai.com\\\/ca\\\/evento-taller-presentacion-libro-papiconcilia\\\/#primaryimage\"},\"thumbnailUrl\":\"https:\\\/\\\/alphaespai.com\\\/wp-content\\\/uploads\\\/2015\\\/04\\\/papiconcilia.png\",\"keywords\":[\"#conciliaci\u00f3n\",\"#conciliaci\u00f3n\",\"#coworking\",\"#coworking\",\"#emprendedores\",\"#emprendedores\",\"#empresa\",\"#empresa\",\"#mamiconcilia\",\"#mamiconcilia\",\"#papiconcilia\",\"#papiconcilia\",\"#trabajo\",\"#trabajo\"],\"articleSection\":[\"Esdeveniments\"],\"inLanguage\":\"ca\",\"potentialAction\":[{\"@type\":\"CommentAction\",\"name\":\"Comment\",\"target\":[\"https:\\\/\\\/alphaespai.com\\\/ca\\\/evento-taller-presentacion-libro-papiconcilia\\\/#respond\"]}]},{\"@type\":\"WebPage\",\"@id\":\"https:\\\/\\\/alphaespai.com\\\/ca\\\/evento-taller-presentacion-libro-papiconcilia\\\/\",\"url\":\"https:\\\/\\\/alphaespai.com\\\/ca\\\/evento-taller-presentacion-libro-papiconcilia\\\/\",\"name\":\"Evento-taller: Presentaci\u00f3n libro #papiconcilia en Barcelona - Alpha Espai Coworking\",\"isPartOf\":{\"@id\":\"https:\\\/\\\/alphaespai.com\\\/ca\\\/#website\"},\"primaryImageOfPage\":{\"@id\":\"https:\\\/\\\/alphaespai.com\\\/ca\\\/evento-taller-presentacion-libro-papiconcilia\\\/#primaryimage\"},\"image\":{\"@id\":\"https:\\\/\\\/alphaespai.com\\\/ca\\\/evento-taller-presentacion-libro-papiconcilia\\\/#primaryimage\"},\"thumbnailUrl\":\"https:\\\/\\\/alphaespai.com\\\/wp-content\\\/uploads\\\/2015\\\/04\\\/papiconcilia.png\",\"datePublished\":\"2015-04-09T11:08:42+00:00\",\"dateModified\":\"2015-04-18T19:29:27+00:00\",\"author\":{\"@id\":\"https:\\\/\\\/alphaespai.com\\\/ca\\\/#\\\/schema\\\/person\\\/7a54c95fe3662411f9bc61a7b3875757\"},\"inLanguage\":\"ca\",\"potentialAction\":[{\"@type\":\"ReadAction\",\"target\":[\"https:\\\/\\\/alphaespai.com\\\/ca\\\/evento-taller-presentacion-libro-papiconcilia\\\/\"]}]},{\"@type\":\"ImageObject\",\"inLanguage\":\"ca\",\"@id\":\"https:\\\/\\\/alphaespai.com\\\/ca\\\/evento-taller-presentacion-libro-papiconcilia\\\/#primaryimage\",\"url\":\"https:\\\/\\\/alphaespai.com\\\/wp-content\\\/uploads\\\/2015\\\/04\\\/papiconcilia.png\",\"contentUrl\":\"https:\\\/\\\/alphaespai.com\\\/wp-content\\\/uploads\\\/2015\\\/04\\\/papiconcilia.png\",\"width\":1282,\"height\":834},{\"@type\":\"WebSite\",\"@id\":\"https:\\\/\\\/alphaespai.com\\\/ca\\\/#website\",\"url\":\"https:\\\/\\\/alphaespai.com\\\/ca\\\/\",\"name\":\"Alpha Espai Coworking\",\"description\":\"Espai de Coworking a Barcelona\",\"potentialAction\":[{\"@type\":\"SearchAction\",\"target\":{\"@type\":\"EntryPoint\",\"urlTemplate\":\"https:\\\/\\\/alphaespai.com\\\/ca\\\/?s={search_term_string}\"},\"query-input\":{\"@type\":\"PropertyValueSpecification\",\"valueRequired\":true,\"valueName\":\"search_term_string\"}}],\"inLanguage\":\"ca\"},{\"@type\":\"Person\",\"@id\":\"https:\\\/\\\/alphaespai.com\\\/ca\\\/#\\\/schema\\\/person\\\/7a54c95fe3662411f9bc61a7b3875757\",\"name\":\"Jordi Silvente\",\"image\":{\"@type\":\"ImageObject\",\"inLanguage\":\"ca\",\"@id\":\"https:\\\/\\\/secure.gravatar.com\\\/avatar\\\/3e62d1a33729936e1b5ed0b7452ba68de85677574466df96ba46ab1152cdcba3?s=96&d=mm&r=g\",\"url\":\"https:\\\/\\\/secure.gravatar.com\\\/avatar\\\/3e62d1a33729936e1b5ed0b7452ba68de85677574466df96ba46ab1152cdcba3?s=96&d=mm&r=g\",\"contentUrl\":\"https:\\\/\\\/secure.gravatar.com\\\/avatar\\\/3e62d1a33729936e1b5ed0b7452ba68de85677574466df96ba46ab1152cdcba3?s=96&d=mm&r=g\",\"caption\":\"Jordi Silvente\"},\"url\":\"https:\\\/\\\/alphaespai.com\\\/ca\\\/author\\\/admin\\\/\"}]}<\/script>\n<!-- \/ Yoast SEO plugin. -->","yoast_head_json":{"title":"Evento-taller: Presentaci\u00f3n libro #papiconcilia en Barcelona - Alpha Espai Coworking","robots":{"index":"index","follow":"follow","max-snippet":"max-snippet:-1","max-image-preview":"max-image-preview:large","max-video-preview":"max-video-preview:-1"},"canonical":"https:\/\/alphaespai.com\/ca\/evento-taller-presentacion-libro-papiconcilia\/","og_locale":"ca_ES","og_type":"article","og_title":"Evento-taller: Presentaci\u00f3n libro #papiconcilia en Barcelona - Alpha Espai Coworking","og_description":"Viernes, 17 de Abril de 2015 , en Alpha Espai Coworking C\/ Pere IV, 214 &#8211; Entresuelo (Entrada por passatge Bosch i Labr\u00fas, 1) 17:30 &#8211; 19:30 El pr\u00f3ximo 17 de abril presentaremos #papiconcilia en Alpha Espai de Barcelona con la participaci\u00f3n de 6 de sus autores y la creadora del movimiento #mamiconcilia Usue Medinaveitia [&hellip;]","og_url":"https:\/\/alphaespai.com\/ca\/evento-taller-presentacion-libro-papiconcilia\/","og_site_name":"Alpha Espai Coworking","article_published_time":"2015-04-09T11:08:42+00:00","article_modified_time":"2015-04-18T19:29:27+00:00","og_image":[{"width":1282,"height":834,"url":"https:\/\/alphaespai.com\/wp-content\/uploads\/2015\/04\/papiconcilia.png","type":"image\/png"}],"author":"Jordi Silvente","twitter_misc":{"Escrit per":"Jordi Silvente","Temps estimat de lectura":"1 minut"},"schema":{"@context":"https:\/\/schema.org","@graph":[{"@type":"Article","@id":"https:\/\/alphaespai.com\/ca\/evento-taller-presentacion-libro-papiconcilia\/#article","isPartOf":{"@id":"https:\/\/alphaespai.com\/ca\/evento-taller-presentacion-libro-papiconcilia\/"},"author":{"name":"Jordi Silvente","@id":"https:\/\/alphaespai.com\/ca\/#\/schema\/person\/7a54c95fe3662411f9bc61a7b3875757"},"headline":"Evento-taller: Presentaci\u00f3n libro #papiconcilia en Barcelona","datePublished":"2015-04-09T11:08:42+00:00","dateModified":"2015-04-18T19:29:27+00:00","mainEntityOfPage":{"@id":"https:\/\/alphaespai.com\/ca\/evento-taller-presentacion-libro-papiconcilia\/"},"wordCount":279,"commentCount":0,"image":{"@id":"https:\/\/alphaespai.com\/ca\/evento-taller-presentacion-libro-papiconcilia\/#primaryimage"},"thumbnailUrl":"https:\/\/alphaespai.com\/wp-content\/uploads\/2015\/04\/papiconcilia.png","keywords":["#conciliaci\u00f3n","#conciliaci\u00f3n","#coworking","#coworking","#emprendedores","#emprendedores","#empresa","#empresa","#mamiconcilia","#mamiconcilia","#papiconcilia","#papiconcilia","#trabajo","#trabajo"],"articleSection":["Esdeveniments"],"inLanguage":"ca","potentialAction":[{"@type":"CommentAction","name":"Comment","target":["https:\/\/alphaespai.com\/ca\/evento-taller-presentacion-libro-papiconcilia\/#respond"]}]},{"@type":"WebPage","@id":"https:\/\/alphaespai.com\/ca\/evento-taller-presentacion-libro-papiconcilia\/","url":"https:\/\/alphaespai.com\/ca\/evento-taller-presentacion-libro-papiconcilia\/","name":"Evento-taller: Presentaci\u00f3n libro #papiconcilia en Barcelona - Alpha Espai Coworking","isPartOf":{"@id":"https:\/\/alphaespai.com\/ca\/#website"},"primaryImageOfPage":{"@id":"https:\/\/alphaespai.com\/ca\/evento-taller-presentacion-libro-papiconcilia\/#primaryimage"},"image":{"@id":"https:\/\/alphaespai.com\/ca\/evento-taller-presentacion-libro-papiconcilia\/#primaryimage"},"thumbnailUrl":"https:\/\/alphaespai.com\/wp-content\/uploads\/2015\/04\/papiconcilia.png","datePublished":"2015-04-09T11:08:42+00:00","dateModified":"2015-04-18T19:29:27+00:00","author":{"@id":"https:\/\/alphaespai.com\/ca\/#\/schema\/person\/7a54c95fe3662411f9bc61a7b3875757"},"inLanguage":"ca","potentialAction":[{"@type":"ReadAction","target":["https:\/\/alphaespai.com\/ca\/evento-taller-presentacion-libro-papiconcilia\/"]}]},{"@type":"ImageObject","inLanguage":"ca","@id":"https:\/\/alphaespai.com\/ca\/evento-taller-presentacion-libro-papiconcilia\/#primaryimage","url":"https:\/\/alphaespai.com\/wp-content\/uploads\/2015\/04\/papiconcilia.png","contentUrl":"https:\/\/alphaespai.com\/wp-content\/uploads\/2015\/04\/papiconcilia.png","width":1282,"height":834},{"@type":"WebSite","@id":"https:\/\/alphaespai.com\/ca\/#website","url":"https:\/\/alphaespai.com\/ca\/","name":"Alpha Espai Coworking","description":"Espai de Coworking a Barcelona","potentialAction":[{"@type":"SearchAction","target":{"@type":"EntryPoint","urlTemplate":"https:\/\/alphaespai.com\/ca\/?s={search_term_string}"},"query-input":{"@type":"PropertyValueSpecification","valueRequired":true,"valueName":"search_term_string"}}],"inLanguage":"ca"},{"@type":"Person","@id":"https:\/\/alphaespai.com\/ca\/#\/schema\/person\/7a54c95fe3662411f9bc61a7b3875757","name":"Jordi Silvente","image":{"@type":"ImageObject","inLanguage":"ca","@id":"https:\/\/secure.gravatar.com\/avatar\/3e62d1a33729936e1b5ed0b7452ba68de85677574466df96ba46ab1152cdcba3?s=96&d=mm&r=g","url":"https:\/\/secure.gravatar.com\/avatar\/3e62d1a33729936e1b5ed0b7452ba68de85677574466df96ba46ab1152cdcba3?s=96&d=mm&r=g","contentUrl":"https:\/\/secure.gravatar.com\/avatar\/3e62d1a33729936e1b5ed0b7452ba68de85677574466df96ba46ab1152cdcba3?s=96&d=mm&r=g","caption":"Jordi Silvente"},"url":"https:\/\/alphaespai.com\/ca\/author\/admin\/"}]}},"_links":{"self":[{"href":"https:\/\/alphaespai.com\/ca\/wp-json\/wp\/v2\/posts\/4198","targetHints":{"allow":["GET"]}}],"collection":[{"href":"https:\/\/alphaespai.com\/ca\/wp-json\/wp\/v2\/posts"}],"about":[{"href":"https:\/\/alphaespai.com\/ca\/wp-json\/wp\/v2\/types\/post"}],"author":[{"embeddable":true,"href":"https:\/\/alphaespai.com\/ca\/wp-json\/wp\/v2\/users\/34"}],"replies":[{"embeddable":true,"href":"https:\/\/alphaespai.com\/ca\/wp-json\/wp\/v2\/comments?post=4198"}],"version-history":[{"count":0,"href":"https:\/\/alphaespai.com\/ca\/wp-json\/wp\/v2\/posts\/4198\/revisions"}],"wp:featuredmedia":[{"embeddable":true,"href":"https:\/\/alphaespai.com\/ca\/wp-json\/wp\/v2\/media\/4190"}],"wp:attachment":[{"href":"https:\/\/alphaespai.com\/ca\/wp-json\/wp\/v2\/media?parent=4198"}],"wp:term":[{"taxonomy":"category","embeddable":true,"href":"https:\/\/alphaespai.com\/ca\/wp-json\/wp\/v2\/categories?post=4198"},{"taxonomy":"post_tag","embeddable":true,"href":"https:\/\/alphaespai.com\/ca\/wp-json\/wp\/v2\/tags?post=4198"}],"curies":[{"name":"wp","href":"https:\/\/api.w.org\/{rel}","templated":true}]}}