{"id":4294,"date":"2015-05-14T15:52:32","date_gmt":"2015-05-14T15:52:32","guid":{"rendered":"https:\/\/alphaespai.com\/?p=4294"},"modified":"2015-05-15T13:16:16","modified_gmt":"2015-05-15T13:16:16","slug":"treballar-en-comunitat","status":"publish","type":"post","link":"https:\/\/alphaespai.com\/ca\/treballar-en-comunitat\/","title":{"rendered":"Treballar en comunitat"},"content":{"rendered":"<p style=\"text-align: justify;\">Una vegada m\u00e9s el concepte coworking \u00e9s motiu d\u2019actualitat, darrerament ha tingut una pres\u00e8ncia important en els mitjans de comunicaci\u00f3 fent refer\u00e8ncia a la celebraci\u00f3 del 1r Catalunya Coworking Day (organitzat per <a href=\"http:\/\/www.cowocat.cat\/\">COWOCAT<\/a> i <a href=\"http:\/\/www.coworkingtona.com\/\">Coworking Tona<\/a>) i en qu\u00e8\u00a0<strong>ALPHA ESPAI Coworking<\/strong> va tenir protagonisme amb la participaci\u00f3 de coworkers en la dinamitzaci\u00f3 de tallers i com a membre organitzador a l\u2019associaci\u00f3.<\/p>\n<p style=\"text-align: justify;\">A l\u2019article referit, publicat per <strong>El Peri\u00f3dico<\/strong>, signat per la Carme Jan\u00e9 el 13\/5\/2015, exposa la maduresa del concepte a la ciutat de Barcelona. A l\u2019entrevista pr\u00e8via amb la periodista, que per raons \u00f2bvies no entra en tot el article, ens vam estendre en com actualment el concepte assoleix consolidar a Barcelona un model referent, que a m\u00e9s a m\u00e9s inclou la resta de Catalunya, com a suma de valor.<\/p>\n<p style=\"text-align: justify;\">Per la meva part, apar\u00e8ixer en premsa com a representant de COWOCAT, compartir article amb alguns dels espais referents de Barcelona, tant sols fa que fer forta la idea del nostre model a <strong>Alpha Espai Coworking<\/strong>, on creiem que la suma de comunitats \u00fanicament pot generar positivitat i evoluci\u00f3 en el sector, i fer del coworking un referent en <strong>innovaci\u00f3<\/strong> i les<strong> noves formes de treballar<\/strong>, actor principal a la <strong>societat del coneixement<\/strong> i, tamb\u00e9, generador, o recuperador de <strong>valors<\/strong> darrerament deixats de banda en la manera de fer les coses.<\/p>\n<p><a href=\"https:\/\/alphaespai.com\/wp-content\/uploads\/2015\/05\/EP-ed37188_0401.jpg\"><img fetchpriority=\"high\" decoding=\"async\" class=\"alignnone size-medium wp-image-4277\" src=\"https:\/\/alphaespai.com\/wp-content\/uploads\/2015\/05\/EP-ed37188_0401-224x300.jpg\" alt=\"EP-ed37188_040\" width=\"224\" height=\"300\" srcset=\"https:\/\/alphaespai.com\/wp-content\/uploads\/2015\/05\/EP-ed37188_0401-224x300.jpg 224w, https:\/\/alphaespai.com\/wp-content\/uploads\/2015\/05\/EP-ed37188_0401-766x1024.jpg 766w, https:\/\/alphaespai.com\/wp-content\/uploads\/2015\/05\/EP-ed37188_0401.jpg 870w\" sizes=\"(max-width: 224px) 100vw, 224px\" \/><\/a><a href=\"https:\/\/alphaespai.com\/wp-content\/uploads\/2015\/05\/EP-ed37188_041.jpg\"><img decoding=\"async\" class=\"alignnone size-medium wp-image-4276\" src=\"https:\/\/alphaespai.com\/wp-content\/uploads\/2015\/05\/EP-ed37188_041-224x300.jpg\" alt=\"EP-ed37188_041\" width=\"224\" height=\"300\" srcset=\"https:\/\/alphaespai.com\/wp-content\/uploads\/2015\/05\/EP-ed37188_041-224x300.jpg 224w, https:\/\/alphaespai.com\/wp-content\/uploads\/2015\/05\/EP-ed37188_041-766x1024.jpg 766w, https:\/\/alphaespai.com\/wp-content\/uploads\/2015\/05\/EP-ed37188_041.jpg 870w\" sizes=\"(max-width: 224px) 100vw, 224px\" \/><\/a><a href=\"https:\/\/alphaespai.com\/wp-content\/uploads\/2015\/05\/EP-ed37188_010.jpg\"><img decoding=\"async\" class=\"alignnone size-medium wp-image-4274\" src=\"https:\/\/alphaespai.com\/wp-content\/uploads\/2015\/05\/EP-ed37188_010-85x300.jpg\" alt=\"EP-ed37188_010\" width=\"85\" height=\"300\" srcset=\"https:\/\/alphaespai.com\/wp-content\/uploads\/2015\/05\/EP-ed37188_010-85x300.jpg 85w, https:\/\/alphaespai.com\/wp-content\/uploads\/2015\/05\/EP-ed37188_010.jpg 290w\" sizes=\"(max-width: 85px) 100vw, 85px\" \/><\/a><\/p>\n","protected":false},"excerpt":{"rendered":"<p>Una vegada m\u00e9s el concepte coworking \u00e9s motiu d\u2019actualitat, darrerament ha tingut una pres\u00e8ncia important en els mitjans de comunicaci\u00f3 fent refer\u00e8ncia a la celebraci\u00f3 del 1r Catalunya Coworking Day (organitzat per COWOCAT i Coworking Tona) i en qu\u00e8\u00a0ALPHA ESPAI Coworking va tenir protagonisme amb la participaci\u00f3 de coworkers en la dinamitzaci\u00f3 de tallers i [&hellip;]<\/p>\n","protected":false},"author":34,"featured_media":4291,"comment_status":"open","ping_status":"closed","sticky":false,"template":"","format":"standard","meta":{"footnotes":""},"categories":[46],"tags":[156],"class_list":["post-4294","post","type-post","status-publish","format-standard","has-post-thumbnail","hentry","category-blog-ca","tag-coworking-innovacio-emprenedors-barcelona"],"yoast_head":"<!-- This site is optimized with the Yoast SEO plugin v27.5 - https:\/\/yoast.com\/product\/yoast-seo-wordpress\/ -->\n<title>Treballar en comunitat - Alpha Espai Coworking<\/title>\n<meta name=\"robots\" content=\"index, follow, max-snippet:-1, max-image-preview:large, max-video-preview:-1\" \/>\n<link rel=\"canonical\" href=\"https:\/\/alphaespai.com\/ca\/treballar-en-comunitat\/\" \/>\n<meta property=\"og:locale\" content=\"ca_ES\" \/>\n<meta property=\"og:type\" content=\"article\" \/>\n<meta property=\"og:title\" content=\"Treballar en comunitat - Alpha Espai Coworking\" \/>\n<meta property=\"og:description\" content=\"Una vegada m\u00e9s el concepte coworking \u00e9s motiu d\u2019actualitat, darrerament ha tingut una pres\u00e8ncia important en els mitjans de comunicaci\u00f3 fent refer\u00e8ncia a la celebraci\u00f3 del 1r Catalunya Coworking Day (organitzat per COWOCAT i Coworking Tona) i en qu\u00e8\u00a0ALPHA ESPAI Coworking va tenir protagonisme amb la participaci\u00f3 de coworkers en la dinamitzaci\u00f3 de tallers i [&hellip;]\" \/>\n<meta property=\"og:url\" content=\"https:\/\/alphaespai.com\/ca\/treballar-en-comunitat\/\" \/>\n<meta property=\"og:site_name\" content=\"Alpha Espai Coworking\" \/>\n<meta property=\"article:published_time\" content=\"2015-05-14T15:52:32+00:00\" \/>\n<meta property=\"article:modified_time\" content=\"2015-05-15T13:16:16+00:00\" \/>\n<meta property=\"og:image\" content=\"https:\/\/alphaespai.com\/wp-content\/uploads\/2015\/05\/EP-ed37188_040-copia.jpg\" \/>\n\t<meta property=\"og:image:width\" content=\"836\" \/>\n\t<meta property=\"og:image:height\" content=\"269\" \/>\n\t<meta property=\"og:image:type\" content=\"image\/jpeg\" \/>\n<meta name=\"author\" content=\"Jordi Silvente\" \/>\n<meta name=\"twitter:label1\" content=\"Escrit per\" \/>\n\t<meta name=\"twitter:data1\" content=\"Jordi Silvente\" \/>\n\t<meta name=\"twitter:label2\" content=\"Temps estimat de lectura\" \/>\n\t<meta name=\"twitter:data2\" content=\"1 minut\" \/>\n<script type=\"application\/ld+json\" class=\"yoast-schema-graph\">{\"@context\":\"https:\\\/\\\/schema.org\",\"@graph\":[{\"@type\":\"Article\",\"@id\":\"https:\\\/\\\/alphaespai.com\\\/ca\\\/treballar-en-comunitat\\\/#article\",\"isPartOf\":{\"@id\":\"https:\\\/\\\/alphaespai.com\\\/ca\\\/treballar-en-comunitat\\\/\"},\"author\":{\"name\":\"Jordi Silvente\",\"@id\":\"https:\\\/\\\/alphaespai.com\\\/ca\\\/#\\\/schema\\\/person\\\/7a54c95fe3662411f9bc61a7b3875757\"},\"headline\":\"Treballar en comunitat\",\"datePublished\":\"2015-05-14T15:52:32+00:00\",\"dateModified\":\"2015-05-15T13:16:16+00:00\",\"mainEntityOfPage\":{\"@id\":\"https:\\\/\\\/alphaespai.com\\\/ca\\\/treballar-en-comunitat\\\/\"},\"wordCount\":237,\"commentCount\":0,\"image\":{\"@id\":\"https:\\\/\\\/alphaespai.com\\\/ca\\\/treballar-en-comunitat\\\/#primaryimage\"},\"thumbnailUrl\":\"https:\\\/\\\/alphaespai.com\\\/wp-content\\\/uploads\\\/2015\\\/05\\\/EP-ed37188_040-copia.jpg\",\"keywords\":[\"#coworking #innovaci\u00f3 #emprenedors #barcelona\"],\"articleSection\":[\"Blog\"],\"inLanguage\":\"ca\",\"potentialAction\":[{\"@type\":\"CommentAction\",\"name\":\"Comment\",\"target\":[\"https:\\\/\\\/alphaespai.com\\\/ca\\\/treballar-en-comunitat\\\/#respond\"]}]},{\"@type\":\"WebPage\",\"@id\":\"https:\\\/\\\/alphaespai.com\\\/ca\\\/treballar-en-comunitat\\\/\",\"url\":\"https:\\\/\\\/alphaespai.com\\\/ca\\\/treballar-en-comunitat\\\/\",\"name\":\"Treballar en comunitat - Alpha Espai Coworking\",\"isPartOf\":{\"@id\":\"https:\\\/\\\/alphaespai.com\\\/ca\\\/#website\"},\"primaryImageOfPage\":{\"@id\":\"https:\\\/\\\/alphaespai.com\\\/ca\\\/treballar-en-comunitat\\\/#primaryimage\"},\"image\":{\"@id\":\"https:\\\/\\\/alphaespai.com\\\/ca\\\/treballar-en-comunitat\\\/#primaryimage\"},\"thumbnailUrl\":\"https:\\\/\\\/alphaespai.com\\\/wp-content\\\/uploads\\\/2015\\\/05\\\/EP-ed37188_040-copia.jpg\",\"datePublished\":\"2015-05-14T15:52:32+00:00\",\"dateModified\":\"2015-05-15T13:16:16+00:00\",\"author\":{\"@id\":\"https:\\\/\\\/alphaespai.com\\\/ca\\\/#\\\/schema\\\/person\\\/7a54c95fe3662411f9bc61a7b3875757\"},\"inLanguage\":\"ca\",\"potentialAction\":[{\"@type\":\"ReadAction\",\"target\":[\"https:\\\/\\\/alphaespai.com\\\/ca\\\/treballar-en-comunitat\\\/\"]}]},{\"@type\":\"ImageObject\",\"inLanguage\":\"ca\",\"@id\":\"https:\\\/\\\/alphaespai.com\\\/ca\\\/treballar-en-comunitat\\\/#primaryimage\",\"url\":\"https:\\\/\\\/alphaespai.com\\\/wp-content\\\/uploads\\\/2015\\\/05\\\/EP-ed37188_040-copia.jpg\",\"contentUrl\":\"https:\\\/\\\/alphaespai.com\\\/wp-content\\\/uploads\\\/2015\\\/05\\\/EP-ed37188_040-copia.jpg\",\"width\":836,\"height\":269},{\"@type\":\"WebSite\",\"@id\":\"https:\\\/\\\/alphaespai.com\\\/ca\\\/#website\",\"url\":\"https:\\\/\\\/alphaespai.com\\\/ca\\\/\",\"name\":\"Alpha Espai Coworking\",\"description\":\"Espai de Coworking a Barcelona\",\"potentialAction\":[{\"@type\":\"SearchAction\",\"target\":{\"@type\":\"EntryPoint\",\"urlTemplate\":\"https:\\\/\\\/alphaespai.com\\\/ca\\\/?s={search_term_string}\"},\"query-input\":{\"@type\":\"PropertyValueSpecification\",\"valueRequired\":true,\"valueName\":\"search_term_string\"}}],\"inLanguage\":\"ca\"},{\"@type\":\"Person\",\"@id\":\"https:\\\/\\\/alphaespai.com\\\/ca\\\/#\\\/schema\\\/person\\\/7a54c95fe3662411f9bc61a7b3875757\",\"name\":\"Jordi Silvente\",\"image\":{\"@type\":\"ImageObject\",\"inLanguage\":\"ca\",\"@id\":\"https:\\\/\\\/secure.gravatar.com\\\/avatar\\\/3e62d1a33729936e1b5ed0b7452ba68de85677574466df96ba46ab1152cdcba3?s=96&d=mm&r=g\",\"url\":\"https:\\\/\\\/secure.gravatar.com\\\/avatar\\\/3e62d1a33729936e1b5ed0b7452ba68de85677574466df96ba46ab1152cdcba3?s=96&d=mm&r=g\",\"contentUrl\":\"https:\\\/\\\/secure.gravatar.com\\\/avatar\\\/3e62d1a33729936e1b5ed0b7452ba68de85677574466df96ba46ab1152cdcba3?s=96&d=mm&r=g\",\"caption\":\"Jordi Silvente\"},\"url\":\"https:\\\/\\\/alphaespai.com\\\/ca\\\/author\\\/admin\\\/\"}]}<\/script>\n<!-- \/ Yoast SEO plugin. -->","yoast_head_json":{"title":"Treballar en comunitat - Alpha Espai Coworking","robots":{"index":"index","follow":"follow","max-snippet":"max-snippet:-1","max-image-preview":"max-image-preview:large","max-video-preview":"max-video-preview:-1"},"canonical":"https:\/\/alphaespai.com\/ca\/treballar-en-comunitat\/","og_locale":"ca_ES","og_type":"article","og_title":"Treballar en comunitat - Alpha Espai Coworking","og_description":"Una vegada m\u00e9s el concepte coworking \u00e9s motiu d\u2019actualitat, darrerament ha tingut una pres\u00e8ncia important en els mitjans de comunicaci\u00f3 fent refer\u00e8ncia a la celebraci\u00f3 del 1r Catalunya Coworking Day (organitzat per COWOCAT i Coworking Tona) i en qu\u00e8\u00a0ALPHA ESPAI Coworking va tenir protagonisme amb la participaci\u00f3 de coworkers en la dinamitzaci\u00f3 de tallers i [&hellip;]","og_url":"https:\/\/alphaespai.com\/ca\/treballar-en-comunitat\/","og_site_name":"Alpha Espai Coworking","article_published_time":"2015-05-14T15:52:32+00:00","article_modified_time":"2015-05-15T13:16:16+00:00","og_image":[{"width":836,"height":269,"url":"https:\/\/alphaespai.com\/wp-content\/uploads\/2015\/05\/EP-ed37188_040-copia.jpg","type":"image\/jpeg"}],"author":"Jordi Silvente","twitter_misc":{"Escrit per":"Jordi Silvente","Temps estimat de lectura":"1 minut"},"schema":{"@context":"https:\/\/schema.org","@graph":[{"@type":"Article","@id":"https:\/\/alphaespai.com\/ca\/treballar-en-comunitat\/#article","isPartOf":{"@id":"https:\/\/alphaespai.com\/ca\/treballar-en-comunitat\/"},"author":{"name":"Jordi Silvente","@id":"https:\/\/alphaespai.com\/ca\/#\/schema\/person\/7a54c95fe3662411f9bc61a7b3875757"},"headline":"Treballar en comunitat","datePublished":"2015-05-14T15:52:32+00:00","dateModified":"2015-05-15T13:16:16+00:00","mainEntityOfPage":{"@id":"https:\/\/alphaespai.com\/ca\/treballar-en-comunitat\/"},"wordCount":237,"commentCount":0,"image":{"@id":"https:\/\/alphaespai.com\/ca\/treballar-en-comunitat\/#primaryimage"},"thumbnailUrl":"https:\/\/alphaespai.com\/wp-content\/uploads\/2015\/05\/EP-ed37188_040-copia.jpg","keywords":["#coworking #innovaci\u00f3 #emprenedors #barcelona"],"articleSection":["Blog"],"inLanguage":"ca","potentialAction":[{"@type":"CommentAction","name":"Comment","target":["https:\/\/alphaespai.com\/ca\/treballar-en-comunitat\/#respond"]}]},{"@type":"WebPage","@id":"https:\/\/alphaespai.com\/ca\/treballar-en-comunitat\/","url":"https:\/\/alphaespai.com\/ca\/treballar-en-comunitat\/","name":"Treballar en comunitat - Alpha Espai Coworking","isPartOf":{"@id":"https:\/\/alphaespai.com\/ca\/#website"},"primaryImageOfPage":{"@id":"https:\/\/alphaespai.com\/ca\/treballar-en-comunitat\/#primaryimage"},"image":{"@id":"https:\/\/alphaespai.com\/ca\/treballar-en-comunitat\/#primaryimage"},"thumbnailUrl":"https:\/\/alphaespai.com\/wp-content\/uploads\/2015\/05\/EP-ed37188_040-copia.jpg","datePublished":"2015-05-14T15:52:32+00:00","dateModified":"2015-05-15T13:16:16+00:00","author":{"@id":"https:\/\/alphaespai.com\/ca\/#\/schema\/person\/7a54c95fe3662411f9bc61a7b3875757"},"inLanguage":"ca","potentialAction":[{"@type":"ReadAction","target":["https:\/\/alphaespai.com\/ca\/treballar-en-comunitat\/"]}]},{"@type":"ImageObject","inLanguage":"ca","@id":"https:\/\/alphaespai.com\/ca\/treballar-en-comunitat\/#primaryimage","url":"https:\/\/alphaespai.com\/wp-content\/uploads\/2015\/05\/EP-ed37188_040-copia.jpg","contentUrl":"https:\/\/alphaespai.com\/wp-content\/uploads\/2015\/05\/EP-ed37188_040-copia.jpg","width":836,"height":269},{"@type":"WebSite","@id":"https:\/\/alphaespai.com\/ca\/#website","url":"https:\/\/alphaespai.com\/ca\/","name":"Alpha Espai Coworking","description":"Espai de Coworking a Barcelona","potentialAction":[{"@type":"SearchAction","target":{"@type":"EntryPoint","urlTemplate":"https:\/\/alphaespai.com\/ca\/?s={search_term_string}"},"query-input":{"@type":"PropertyValueSpecification","valueRequired":true,"valueName":"search_term_string"}}],"inLanguage":"ca"},{"@type":"Person","@id":"https:\/\/alphaespai.com\/ca\/#\/schema\/person\/7a54c95fe3662411f9bc61a7b3875757","name":"Jordi Silvente","image":{"@type":"ImageObject","inLanguage":"ca","@id":"https:\/\/secure.gravatar.com\/avatar\/3e62d1a33729936e1b5ed0b7452ba68de85677574466df96ba46ab1152cdcba3?s=96&d=mm&r=g","url":"https:\/\/secure.gravatar.com\/avatar\/3e62d1a33729936e1b5ed0b7452ba68de85677574466df96ba46ab1152cdcba3?s=96&d=mm&r=g","contentUrl":"https:\/\/secure.gravatar.com\/avatar\/3e62d1a33729936e1b5ed0b7452ba68de85677574466df96ba46ab1152cdcba3?s=96&d=mm&r=g","caption":"Jordi Silvente"},"url":"https:\/\/alphaespai.com\/ca\/author\/admin\/"}]}},"_links":{"self":[{"href":"https:\/\/alphaespai.com\/ca\/wp-json\/wp\/v2\/posts\/4294","targetHints":{"allow":["GET"]}}],"collection":[{"href":"https:\/\/alphaespai.com\/ca\/wp-json\/wp\/v2\/posts"}],"about":[{"href":"https:\/\/alphaespai.com\/ca\/wp-json\/wp\/v2\/types\/post"}],"author":[{"embeddable":true,"href":"https:\/\/alphaespai.com\/ca\/wp-json\/wp\/v2\/users\/34"}],"replies":[{"embeddable":true,"href":"https:\/\/alphaespai.com\/ca\/wp-json\/wp\/v2\/comments?post=4294"}],"version-history":[{"count":0,"href":"https:\/\/alphaespai.com\/ca\/wp-json\/wp\/v2\/posts\/4294\/revisions"}],"wp:featuredmedia":[{"embeddable":true,"href":"https:\/\/alphaespai.com\/ca\/wp-json\/wp\/v2\/media\/4291"}],"wp:attachment":[{"href":"https:\/\/alphaespai.com\/ca\/wp-json\/wp\/v2\/media?parent=4294"}],"wp:term":[{"taxonomy":"category","embeddable":true,"href":"https:\/\/alphaespai.com\/ca\/wp-json\/wp\/v2\/categories?post=4294"},{"taxonomy":"post_tag","embeddable":true,"href":"https:\/\/alphaespai.com\/ca\/wp-json\/wp\/v2\/tags?post=4294"}],"curies":[{"name":"wp","href":"https:\/\/api.w.org\/{rel}","templated":true}]}}