{"id":4389,"date":"2015-05-26T09:40:41","date_gmt":"2015-05-26T09:40:41","guid":{"rendered":"https:\/\/alphaespai.com\/?p=4389"},"modified":"2015-05-26T13:20:27","modified_gmt":"2015-05-26T13:20:27","slug":"la-teva-marca-amb-un-blog-professional-02062015-1830","status":"publish","type":"post","link":"https:\/\/alphaespai.com\/ca\/la-teva-marca-amb-un-blog-professional-02062015-1830\/","title":{"rendered":"La teva marca amb un blog professional   02\/06\/2015 18:30"},"content":{"rendered":"<p style=\"text-align: justify;\"><a href=\"https:\/\/soniamarquescamps.wordpress.com\/\">S\u00f2nia Marqu\u00e9s<\/a>, periodista especialitzada en comunicaci\u00f3 professional, ens presenta aquesta sessi\u00f3 informativa del seu taller professional.<\/p>\n<p style=\"text-align: justify;\"><b>Com desenvolupar la pr\u00f2pia marca travers un blog professional en <\/b><b>wordpress<\/b><\/p>\n<p style=\"text-align: justify;\"><b><i><a href=\"https:\/\/proyectarseprofesionalmente.wordpress.com\/2014\/10\/21\/el-blog-como-herramienta-para-definirnos-y-proyectarnos-profesionalmente\/\">Article relacionat<\/a><\/i><\/b><\/p>\n<p style=\"text-align: justify;\"><a href=\"https:\/\/alphaespai.com\/wp-content\/uploads\/2015\/05\/Taller-Marca-y-Blog-02_06_2015_001.jpg\"><img fetchpriority=\"high\" decoding=\"async\" class=\"alignnone size-medium wp-image-4387\" src=\"https:\/\/alphaespai.com\/wp-content\/uploads\/2015\/05\/Taller-Marca-y-Blog-02_06_2015_001-212x300.jpg\" alt=\"Taller Marca y Blog 02_06_2015_001\" width=\"212\" height=\"300\" srcset=\"https:\/\/alphaespai.com\/wp-content\/uploads\/2015\/05\/Taller-Marca-y-Blog-02_06_2015_001-212x300.jpg 212w, https:\/\/alphaespai.com\/wp-content\/uploads\/2015\/05\/Taller-Marca-y-Blog-02_06_2015_001.jpg 595w\" sizes=\"(max-width: 212px) 100vw, 212px\" \/><\/a><\/p>\n<p style=\"text-align: justify;\">\n","protected":false},"excerpt":{"rendered":"<p>S\u00f2nia Marqu\u00e9s, periodista especialitzada en comunicaci\u00f3 professional, ens presenta aquesta sessi\u00f3 informativa del seu taller professional. Com desenvolupar la pr\u00f2pia marca travers un blog professional en wordpress Article relacionat<\/p>\n","protected":false},"author":34,"featured_media":4398,"comment_status":"open","ping_status":"closed","sticky":false,"template":"","format":"standard","meta":{"footnotes":""},"categories":[105],"tags":[162,143,144,163,118],"class_list":["post-4389","post","type-post","status-publish","format-standard","has-post-thumbnail","hentry","category-esdeveniments","tag-blog","tag-coworking-ca-3","tag-emprendedores-ca","tag-marcapersonal","tag-emprenedors-ca-2"],"yoast_head":"<!-- This site is optimized with the Yoast SEO plugin v27.5 - https:\/\/yoast.com\/product\/yoast-seo-wordpress\/ -->\n<title>La teva marca amb un blog professional  02\/06\/2015 18:30 - Alpha Espai Coworking<\/title>\n<meta name=\"robots\" content=\"index, follow, max-snippet:-1, max-image-preview:large, max-video-preview:-1\" \/>\n<link rel=\"canonical\" href=\"https:\/\/alphaespai.com\/ca\/la-teva-marca-amb-un-blog-professional-02062015-1830\/\" \/>\n<meta property=\"og:locale\" content=\"ca_ES\" \/>\n<meta property=\"og:type\" content=\"article\" \/>\n<meta property=\"og:title\" content=\"La teva marca amb un blog professional  02\/06\/2015 18:30 - Alpha Espai Coworking\" \/>\n<meta property=\"og:description\" content=\"S\u00f2nia Marqu\u00e9s, periodista especialitzada en comunicaci\u00f3 professional, ens presenta aquesta sessi\u00f3 informativa del seu taller professional. Com desenvolupar la pr\u00f2pia marca travers un blog professional en wordpress Article relacionat\" \/>\n<meta property=\"og:url\" content=\"https:\/\/alphaespai.com\/ca\/la-teva-marca-amb-un-blog-professional-02062015-1830\/\" \/>\n<meta property=\"og:site_name\" content=\"Alpha Espai Coworking\" \/>\n<meta property=\"article:published_time\" content=\"2015-05-26T09:40:41+00:00\" \/>\n<meta property=\"article:modified_time\" content=\"2015-05-26T13:20:27+00:00\" \/>\n<meta property=\"og:image\" content=\"https:\/\/alphaespai.com\/wp-content\/uploads\/2015\/05\/Taller-Marca-y-Blog-02_06_2015-cabecera.jpg\" \/>\n\t<meta property=\"og:image:width\" content=\"668\" \/>\n\t<meta property=\"og:image:height\" content=\"205\" \/>\n\t<meta property=\"og:image:type\" content=\"image\/jpeg\" \/>\n<meta name=\"author\" content=\"Jordi Silvente\" \/>\n<meta name=\"twitter:label1\" content=\"Escrit per\" \/>\n\t<meta name=\"twitter:data1\" content=\"Jordi Silvente\" \/>\n<script type=\"application\/ld+json\" class=\"yoast-schema-graph\">{\"@context\":\"https:\\\/\\\/schema.org\",\"@graph\":[{\"@type\":\"Article\",\"@id\":\"https:\\\/\\\/alphaespai.com\\\/ca\\\/la-teva-marca-amb-un-blog-professional-02062015-1830\\\/#article\",\"isPartOf\":{\"@id\":\"https:\\\/\\\/alphaespai.com\\\/ca\\\/la-teva-marca-amb-un-blog-professional-02062015-1830\\\/\"},\"author\":{\"name\":\"Jordi Silvente\",\"@id\":\"https:\\\/\\\/alphaespai.com\\\/ca\\\/#\\\/schema\\\/person\\\/7a54c95fe3662411f9bc61a7b3875757\"},\"headline\":\"La teva marca amb un blog professional 02\\\/06\\\/2015 18:30\",\"datePublished\":\"2015-05-26T09:40:41+00:00\",\"dateModified\":\"2015-05-26T13:20:27+00:00\",\"mainEntityOfPage\":{\"@id\":\"https:\\\/\\\/alphaespai.com\\\/ca\\\/la-teva-marca-amb-un-blog-professional-02062015-1830\\\/\"},\"wordCount\":39,\"commentCount\":0,\"image\":{\"@id\":\"https:\\\/\\\/alphaespai.com\\\/ca\\\/la-teva-marca-amb-un-blog-professional-02062015-1830\\\/#primaryimage\"},\"thumbnailUrl\":\"https:\\\/\\\/alphaespai.com\\\/wp-content\\\/uploads\\\/2015\\\/05\\\/Taller-Marca-y-Blog-02_06_2015-cabecera.jpg\",\"keywords\":[\"#blog\",\"#coworking\",\"#emprendedores\",\"#marcapersonal\",\"emprenedors\"],\"articleSection\":[\"Esdeveniments\"],\"inLanguage\":\"ca\",\"potentialAction\":[{\"@type\":\"CommentAction\",\"name\":\"Comment\",\"target\":[\"https:\\\/\\\/alphaespai.com\\\/ca\\\/la-teva-marca-amb-un-blog-professional-02062015-1830\\\/#respond\"]}]},{\"@type\":\"WebPage\",\"@id\":\"https:\\\/\\\/alphaespai.com\\\/ca\\\/la-teva-marca-amb-un-blog-professional-02062015-1830\\\/\",\"url\":\"https:\\\/\\\/alphaespai.com\\\/ca\\\/la-teva-marca-amb-un-blog-professional-02062015-1830\\\/\",\"name\":\"La teva marca amb un blog professional 02\\\/06\\\/2015 18:30 - Alpha Espai Coworking\",\"isPartOf\":{\"@id\":\"https:\\\/\\\/alphaespai.com\\\/ca\\\/#website\"},\"primaryImageOfPage\":{\"@id\":\"https:\\\/\\\/alphaespai.com\\\/ca\\\/la-teva-marca-amb-un-blog-professional-02062015-1830\\\/#primaryimage\"},\"image\":{\"@id\":\"https:\\\/\\\/alphaespai.com\\\/ca\\\/la-teva-marca-amb-un-blog-professional-02062015-1830\\\/#primaryimage\"},\"thumbnailUrl\":\"https:\\\/\\\/alphaespai.com\\\/wp-content\\\/uploads\\\/2015\\\/05\\\/Taller-Marca-y-Blog-02_06_2015-cabecera.jpg\",\"datePublished\":\"2015-05-26T09:40:41+00:00\",\"dateModified\":\"2015-05-26T13:20:27+00:00\",\"author\":{\"@id\":\"https:\\\/\\\/alphaespai.com\\\/ca\\\/#\\\/schema\\\/person\\\/7a54c95fe3662411f9bc61a7b3875757\"},\"inLanguage\":\"ca\",\"potentialAction\":[{\"@type\":\"ReadAction\",\"target\":[\"https:\\\/\\\/alphaespai.com\\\/ca\\\/la-teva-marca-amb-un-blog-professional-02062015-1830\\\/\"]}]},{\"@type\":\"ImageObject\",\"inLanguage\":\"ca\",\"@id\":\"https:\\\/\\\/alphaespai.com\\\/ca\\\/la-teva-marca-amb-un-blog-professional-02062015-1830\\\/#primaryimage\",\"url\":\"https:\\\/\\\/alphaespai.com\\\/wp-content\\\/uploads\\\/2015\\\/05\\\/Taller-Marca-y-Blog-02_06_2015-cabecera.jpg\",\"contentUrl\":\"https:\\\/\\\/alphaespai.com\\\/wp-content\\\/uploads\\\/2015\\\/05\\\/Taller-Marca-y-Blog-02_06_2015-cabecera.jpg\",\"width\":668,\"height\":205},{\"@type\":\"WebSite\",\"@id\":\"https:\\\/\\\/alphaespai.com\\\/ca\\\/#website\",\"url\":\"https:\\\/\\\/alphaespai.com\\\/ca\\\/\",\"name\":\"Alpha Espai Coworking\",\"description\":\"Espai de Coworking a Barcelona\",\"potentialAction\":[{\"@type\":\"SearchAction\",\"target\":{\"@type\":\"EntryPoint\",\"urlTemplate\":\"https:\\\/\\\/alphaespai.com\\\/ca\\\/?s={search_term_string}\"},\"query-input\":{\"@type\":\"PropertyValueSpecification\",\"valueRequired\":true,\"valueName\":\"search_term_string\"}}],\"inLanguage\":\"ca\"},{\"@type\":\"Person\",\"@id\":\"https:\\\/\\\/alphaespai.com\\\/ca\\\/#\\\/schema\\\/person\\\/7a54c95fe3662411f9bc61a7b3875757\",\"name\":\"Jordi Silvente\",\"image\":{\"@type\":\"ImageObject\",\"inLanguage\":\"ca\",\"@id\":\"https:\\\/\\\/secure.gravatar.com\\\/avatar\\\/3e62d1a33729936e1b5ed0b7452ba68de85677574466df96ba46ab1152cdcba3?s=96&d=mm&r=g\",\"url\":\"https:\\\/\\\/secure.gravatar.com\\\/avatar\\\/3e62d1a33729936e1b5ed0b7452ba68de85677574466df96ba46ab1152cdcba3?s=96&d=mm&r=g\",\"contentUrl\":\"https:\\\/\\\/secure.gravatar.com\\\/avatar\\\/3e62d1a33729936e1b5ed0b7452ba68de85677574466df96ba46ab1152cdcba3?s=96&d=mm&r=g\",\"caption\":\"Jordi Silvente\"},\"url\":\"https:\\\/\\\/alphaespai.com\\\/ca\\\/author\\\/admin\\\/\"}]}<\/script>\n<!-- \/ Yoast SEO plugin. -->","yoast_head_json":{"title":"La teva marca amb un blog professional  02\/06\/2015 18:30 - Alpha Espai Coworking","robots":{"index":"index","follow":"follow","max-snippet":"max-snippet:-1","max-image-preview":"max-image-preview:large","max-video-preview":"max-video-preview:-1"},"canonical":"https:\/\/alphaespai.com\/ca\/la-teva-marca-amb-un-blog-professional-02062015-1830\/","og_locale":"ca_ES","og_type":"article","og_title":"La teva marca amb un blog professional  02\/06\/2015 18:30 - Alpha Espai Coworking","og_description":"S\u00f2nia Marqu\u00e9s, periodista especialitzada en comunicaci\u00f3 professional, ens presenta aquesta sessi\u00f3 informativa del seu taller professional. Com desenvolupar la pr\u00f2pia marca travers un blog professional en wordpress Article relacionat","og_url":"https:\/\/alphaespai.com\/ca\/la-teva-marca-amb-un-blog-professional-02062015-1830\/","og_site_name":"Alpha Espai Coworking","article_published_time":"2015-05-26T09:40:41+00:00","article_modified_time":"2015-05-26T13:20:27+00:00","og_image":[{"width":668,"height":205,"url":"https:\/\/alphaespai.com\/wp-content\/uploads\/2015\/05\/Taller-Marca-y-Blog-02_06_2015-cabecera.jpg","type":"image\/jpeg"}],"author":"Jordi Silvente","twitter_misc":{"Escrit per":"Jordi Silvente"},"schema":{"@context":"https:\/\/schema.org","@graph":[{"@type":"Article","@id":"https:\/\/alphaespai.com\/ca\/la-teva-marca-amb-un-blog-professional-02062015-1830\/#article","isPartOf":{"@id":"https:\/\/alphaespai.com\/ca\/la-teva-marca-amb-un-blog-professional-02062015-1830\/"},"author":{"name":"Jordi Silvente","@id":"https:\/\/alphaespai.com\/ca\/#\/schema\/person\/7a54c95fe3662411f9bc61a7b3875757"},"headline":"La teva marca amb un blog professional 02\/06\/2015 18:30","datePublished":"2015-05-26T09:40:41+00:00","dateModified":"2015-05-26T13:20:27+00:00","mainEntityOfPage":{"@id":"https:\/\/alphaespai.com\/ca\/la-teva-marca-amb-un-blog-professional-02062015-1830\/"},"wordCount":39,"commentCount":0,"image":{"@id":"https:\/\/alphaespai.com\/ca\/la-teva-marca-amb-un-blog-professional-02062015-1830\/#primaryimage"},"thumbnailUrl":"https:\/\/alphaespai.com\/wp-content\/uploads\/2015\/05\/Taller-Marca-y-Blog-02_06_2015-cabecera.jpg","keywords":["#blog","#coworking","#emprendedores","#marcapersonal","emprenedors"],"articleSection":["Esdeveniments"],"inLanguage":"ca","potentialAction":[{"@type":"CommentAction","name":"Comment","target":["https:\/\/alphaespai.com\/ca\/la-teva-marca-amb-un-blog-professional-02062015-1830\/#respond"]}]},{"@type":"WebPage","@id":"https:\/\/alphaespai.com\/ca\/la-teva-marca-amb-un-blog-professional-02062015-1830\/","url":"https:\/\/alphaespai.com\/ca\/la-teva-marca-amb-un-blog-professional-02062015-1830\/","name":"La teva marca amb un blog professional 02\/06\/2015 18:30 - Alpha Espai Coworking","isPartOf":{"@id":"https:\/\/alphaespai.com\/ca\/#website"},"primaryImageOfPage":{"@id":"https:\/\/alphaespai.com\/ca\/la-teva-marca-amb-un-blog-professional-02062015-1830\/#primaryimage"},"image":{"@id":"https:\/\/alphaespai.com\/ca\/la-teva-marca-amb-un-blog-professional-02062015-1830\/#primaryimage"},"thumbnailUrl":"https:\/\/alphaespai.com\/wp-content\/uploads\/2015\/05\/Taller-Marca-y-Blog-02_06_2015-cabecera.jpg","datePublished":"2015-05-26T09:40:41+00:00","dateModified":"2015-05-26T13:20:27+00:00","author":{"@id":"https:\/\/alphaespai.com\/ca\/#\/schema\/person\/7a54c95fe3662411f9bc61a7b3875757"},"inLanguage":"ca","potentialAction":[{"@type":"ReadAction","target":["https:\/\/alphaespai.com\/ca\/la-teva-marca-amb-un-blog-professional-02062015-1830\/"]}]},{"@type":"ImageObject","inLanguage":"ca","@id":"https:\/\/alphaespai.com\/ca\/la-teva-marca-amb-un-blog-professional-02062015-1830\/#primaryimage","url":"https:\/\/alphaespai.com\/wp-content\/uploads\/2015\/05\/Taller-Marca-y-Blog-02_06_2015-cabecera.jpg","contentUrl":"https:\/\/alphaespai.com\/wp-content\/uploads\/2015\/05\/Taller-Marca-y-Blog-02_06_2015-cabecera.jpg","width":668,"height":205},{"@type":"WebSite","@id":"https:\/\/alphaespai.com\/ca\/#website","url":"https:\/\/alphaespai.com\/ca\/","name":"Alpha Espai Coworking","description":"Espai de Coworking a Barcelona","potentialAction":[{"@type":"SearchAction","target":{"@type":"EntryPoint","urlTemplate":"https:\/\/alphaespai.com\/ca\/?s={search_term_string}"},"query-input":{"@type":"PropertyValueSpecification","valueRequired":true,"valueName":"search_term_string"}}],"inLanguage":"ca"},{"@type":"Person","@id":"https:\/\/alphaespai.com\/ca\/#\/schema\/person\/7a54c95fe3662411f9bc61a7b3875757","name":"Jordi Silvente","image":{"@type":"ImageObject","inLanguage":"ca","@id":"https:\/\/secure.gravatar.com\/avatar\/3e62d1a33729936e1b5ed0b7452ba68de85677574466df96ba46ab1152cdcba3?s=96&d=mm&r=g","url":"https:\/\/secure.gravatar.com\/avatar\/3e62d1a33729936e1b5ed0b7452ba68de85677574466df96ba46ab1152cdcba3?s=96&d=mm&r=g","contentUrl":"https:\/\/secure.gravatar.com\/avatar\/3e62d1a33729936e1b5ed0b7452ba68de85677574466df96ba46ab1152cdcba3?s=96&d=mm&r=g","caption":"Jordi Silvente"},"url":"https:\/\/alphaespai.com\/ca\/author\/admin\/"}]}},"_links":{"self":[{"href":"https:\/\/alphaespai.com\/ca\/wp-json\/wp\/v2\/posts\/4389","targetHints":{"allow":["GET"]}}],"collection":[{"href":"https:\/\/alphaespai.com\/ca\/wp-json\/wp\/v2\/posts"}],"about":[{"href":"https:\/\/alphaespai.com\/ca\/wp-json\/wp\/v2\/types\/post"}],"author":[{"embeddable":true,"href":"https:\/\/alphaespai.com\/ca\/wp-json\/wp\/v2\/users\/34"}],"replies":[{"embeddable":true,"href":"https:\/\/alphaespai.com\/ca\/wp-json\/wp\/v2\/comments?post=4389"}],"version-history":[{"count":0,"href":"https:\/\/alphaespai.com\/ca\/wp-json\/wp\/v2\/posts\/4389\/revisions"}],"wp:featuredmedia":[{"embeddable":true,"href":"https:\/\/alphaespai.com\/ca\/wp-json\/wp\/v2\/media\/4398"}],"wp:attachment":[{"href":"https:\/\/alphaespai.com\/ca\/wp-json\/wp\/v2\/media?parent=4389"}],"wp:term":[{"taxonomy":"category","embeddable":true,"href":"https:\/\/alphaespai.com\/ca\/wp-json\/wp\/v2\/categories?post=4389"},{"taxonomy":"post_tag","embeddable":true,"href":"https:\/\/alphaespai.com\/ca\/wp-json\/wp\/v2\/tags?post=4389"}],"curies":[{"name":"wp","href":"https:\/\/api.w.org\/{rel}","templated":true}]}}