{"id":4482,"date":"2015-07-10T16:34:22","date_gmt":"2015-07-10T16:34:22","guid":{"rendered":"https:\/\/alphaespai.com\/?p=4482"},"modified":"2015-07-14T07:23:09","modified_gmt":"2015-07-14T07:23:09","slug":"alpha-espai-a-bizbarcelona-2015","status":"publish","type":"post","link":"https:\/\/alphaespai.com\/ca\/alpha-espai-a-bizbarcelona-2015\/","title":{"rendered":"Alpha Espai a BizBarcelona 2015"},"content":{"rendered":"<p style=\"text-align: justify;\"><strong>Alpha Espai participa al<\/strong><strong>\u00a0<\/strong><a href=\"http:\/\/www.bizbarcelona.com\/en\/home\"><strong>#BizBarcelona 2015<\/strong><\/a><strong>, la fira per a solucions per a emprenedors i pimes.<\/strong><\/p>\n<p style=\"text-align: justify;\">Els passats 1 i 2 de juliol, Alpha Espai ha estat representat a la major fira per a emprenedors i pimes feta a Barcelona. Amb la participaci\u00f3 a l\u2019estand de \u00a0<a href=\"http:\/\/www.cowocat.cat\/\">Cowocat<\/a>\u00a0i intervenint en diferents activitats de l\u2019extensa programaci\u00f3 del esdeveniment, hem tingut l\u2019oportunitat de fomentar el \u00a0<a href=\"https:\/\/alphaespai.com\/trabajar-en-comunidad\/\">concepte de coworking<\/a>\u00a0i proposar el di\u00e0leg sobre temes rellevants per a emprenedors i la comunitat. A les taules rodones Coworking Global, Working Trends: escenaris de futur i Emprendre en primera persona, ens ha representat Jordi Silvente, cofundador d\u2019Alpha Espai, i tamb\u00e9 al Coworking Game, activitat promoguda per Cowocat en qu\u00e8 els nostres coworkers han aportat la seva expertesa dinamitzant tallers de diferents tem\u00e0tiques, com la creativitat, les finances i la marca personal.<\/p>\n<p style=\"text-align: justify;\">Aquest segon any de participaci\u00f3 al BizBarcelona, Alpha Espai incrementa la seva participaci\u00f3 activa amb la difusi\u00f3 del concepte coworking a trav\u00e9s de l\u2019exemple. M\u00e9s enll\u00e0 de compartir despatx, els espais es confirmen com a llocs on es donen <strong>oportunitats per desenvolupar noves formes de treball en una xarxa horitzontal de col\u00b7laboraci\u00f3 en que cada professional aporta el seu talent en un ambient propici a la creaci\u00f3 de projectes innovadors.<\/strong> En aquesta ocasi\u00f3, BizBarcelona, Cowocat i Alpha Espai ho han representat com a viu exemple.<\/p>\n<p style=\"text-align: justify;\">Des de Alpha Espai ens satisf\u00e0 poder oferir als coworkers de diferents segments, en un esdeveniment com el BizBarcelona, oportunitats de negoci i networking que s\u2019adaptin al tipus d\u2019activitat i el moment en qu\u00e8 es troba cada professional.<\/p>\n<p style=\"text-align: justify;\">El nostre agra\u00efment als coworkers d\u2019Alpha Espai que fan que aix\u00f2 es faci realitat en el dia d\u2019avui: Maxi (<a href=\"http:\/\/digitalmedia.makinmotion.com\/\">Makinmotion Digital<\/a>), Lucia Prade (<a href=\"http:\/\/bioneuroemocionbarcelona.com\/about-us\/\">Content Manager, Blogger<\/a>),\u00a0<a href=\"https:\/\/www.linkedin.com\/pub\/koldo-pe%C3%B1as-martinez\/8b\/785\/754\">Koldo Pe\u00f1as<\/a>, Lorena Estevez (<a href=\"https:\/\/twitter.com\/ruaest\">LAssessors<\/a>), Elisa Mart\u00ednez (Fin\u00e1npolis), Pau Almun\u00ed (<a href=\"https:\/\/alphaespai.com\/project\/pau-almuni\/\">Startup<\/a>), Jos\u00e9 Serralvo (<a href=\"https:\/\/twitter.com\/jserralvom\">Comestrategia<\/a>), Toni C\u00e1tedra\u00a0<a href=\"http:\/\/catedracoaching.com\/\">Coaching<\/a>, Behimba (<a href=\"http:\/\/www.behimba.com\/es\/\">web i publicitat digital<\/a>), Petro (<a href=\"https:\/\/twitter.com\/CafePetronila?lang=es\">El caf\u00e9 de Petronila<\/a>), Jos\u00e9 Mar\u00eda Tapia (<a href=\"https:\/\/www.linkedin.com\/in\/josemariatapia\">AtaraxiaReset<\/a>), Ryan i Brianna.<\/p>\n<div id='gallery-1' class='gallery galleryid-4482 gallery-columns-3 gallery-size-thumbnail'><figure class='gallery-item'>\n\t\t\t<div class='gallery-icon landscape'>\n\t\t\t\t<a href='https:\/\/alphaespai.com\/ca\/alpha-espai-en-bizbarcelona-2015\/img_6429\/'><img decoding=\"async\" width=\"150\" height=\"150\" src=\"https:\/\/alphaespai.com\/wp-content\/uploads\/2015\/07\/IMG_6429-150x150.jpg\" class=\"attachment-thumbnail size-thumbnail\" alt=\"\" aria-describedby=\"gallery-1-4480\" \/><\/a>\n\t\t\t<\/div>\n\t\t\t\t<figcaption class='wp-caption-text gallery-caption' id='gallery-1-4480'>\n\t\t\t\tLuis Porcar en Oportunidades Pymes\n\t\t\t\t<\/figcaption><\/figure><figure class='gallery-item'>\n\t\t\t<div class='gallery-icon landscape'>\n\t\t\t\t<a href='https:\/\/alphaespai.com\/ca\/alpha-espai-en-bizbarcelona-2015\/dsc_0829-2\/'><img decoding=\"async\" width=\"150\" height=\"150\" src=\"https:\/\/alphaespai.com\/wp-content\/uploads\/2015\/07\/DSC_08291-150x150.jpg\" class=\"attachment-thumbnail size-thumbnail\" alt=\"\" aria-describedby=\"gallery-1-4478\" \/><\/a>\n\t\t\t<\/div>\n\t\t\t\t<figcaption class='wp-caption-text gallery-caption' id='gallery-1-4478'>\n\t\t\t\tBrianna, Ryan &#038; Jordi\n\t\t\t\t<\/figcaption><\/figure><figure class='gallery-item'>\n\t\t\t<div class='gallery-icon landscape'>\n\t\t\t\t<a href='https:\/\/alphaespai.com\/ca\/alpha-espai-en-bizbarcelona-2015\/biz_alpha-espai-05-2\/'><img decoding=\"async\" width=\"150\" height=\"150\" src=\"https:\/\/alphaespai.com\/wp-content\/uploads\/2015\/07\/Biz_Alpha-Espai-051-150x150.jpg\" class=\"attachment-thumbnail size-thumbnail\" alt=\"\" aria-describedby=\"gallery-1-4475\" \/><\/a>\n\t\t\t<\/div>\n\t\t\t\t<figcaption class='wp-caption-text gallery-caption' id='gallery-1-4475'>\n\t\t\t\tKoldo y Petro en Coworking Game\n\t\t\t\t<\/figcaption><\/figure><figure class='gallery-item'>\n\t\t\t<div class='gallery-icon landscape'>\n\t\t\t\t<a href='https:\/\/alphaespai.com\/ca\/alpha-espai-en-bizbarcelona-2015\/biz_alpha-espai-04-2\/'><img loading=\"lazy\" decoding=\"async\" width=\"150\" height=\"150\" src=\"https:\/\/alphaespai.com\/wp-content\/uploads\/2015\/07\/Biz_Alpha-Espai-041-150x150.jpg\" class=\"attachment-thumbnail size-thumbnail\" alt=\"\" aria-describedby=\"gallery-1-4474\" \/><\/a>\n\t\t\t<\/div>\n\t\t\t\t<figcaption class='wp-caption-text gallery-caption' id='gallery-1-4474'>\n\t\t\t\tLorena en Coworking Game\n\t\t\t\t<\/figcaption><\/figure><figure class='gallery-item'>\n\t\t\t<div class='gallery-icon landscape'>\n\t\t\t\t<a href='https:\/\/alphaespai.com\/ca\/alpha-espai-en-bizbarcelona-2015\/biz_alpha-espai-03-2\/'><img loading=\"lazy\" decoding=\"async\" width=\"150\" height=\"150\" src=\"https:\/\/alphaespai.com\/wp-content\/uploads\/2015\/07\/Biz_Alpha-Espai-031-150x150.jpg\" class=\"attachment-thumbnail size-thumbnail\" alt=\"\" aria-describedby=\"gallery-1-4473\" \/><\/a>\n\t\t\t<\/div>\n\t\t\t\t<figcaption class='wp-caption-text gallery-caption' id='gallery-1-4473'>\n\t\t\t\tCoworking game\n\t\t\t\t<\/figcaption><\/figure><figure class='gallery-item'>\n\t\t\t<div class='gallery-icon landscape'>\n\t\t\t\t<a href='https:\/\/alphaespai.com\/ca\/alpha-espai-en-bizbarcelona-2015\/biz_alpha-espai-02-2\/'><img loading=\"lazy\" decoding=\"async\" width=\"150\" height=\"150\" src=\"https:\/\/alphaespai.com\/wp-content\/uploads\/2015\/07\/Biz_Alpha-Espai-021-150x150.jpg\" class=\"attachment-thumbnail size-thumbnail\" alt=\"\" aria-describedby=\"gallery-1-4472\" \/><\/a>\n\t\t\t<\/div>\n\t\t\t\t<figcaption class='wp-caption-text gallery-caption' id='gallery-1-4472'>\n\t\t\t\tCoworking game\n\t\t\t\t<\/figcaption><\/figure><figure class='gallery-item'>\n\t\t\t<div class='gallery-icon landscape'>\n\t\t\t\t<a href='https:\/\/alphaespai.com\/ca\/alpha-espai-en-bizbarcelona-2015\/biz_alpha-espai-01-2\/'><img loading=\"lazy\" decoding=\"async\" width=\"150\" height=\"150\" src=\"https:\/\/alphaespai.com\/wp-content\/uploads\/2015\/07\/Biz_Alpha-Espai-011-150x150.jpg\" class=\"attachment-thumbnail size-thumbnail\" alt=\"\" aria-describedby=\"gallery-1-4471\" \/><\/a>\n\t\t\t<\/div>\n\t\t\t\t<figcaption class='wp-caption-text gallery-caption' id='gallery-1-4471'>\n\t\t\t\tLorena y Luc\u00eda\n\t\t\t\t<\/figcaption><\/figure><figure class='gallery-item'>\n\t\t\t<div class='gallery-icon landscape'>\n\t\t\t\t<a href='https:\/\/alphaespai.com\/ca\/alpha-espai-en-bizbarcelona-2015\/biz_alpha-espai-10\/'><img loading=\"lazy\" decoding=\"async\" width=\"150\" height=\"150\" src=\"https:\/\/alphaespai.com\/wp-content\/uploads\/2015\/07\/Biz_Alpha-Espai-10-150x150.jpg\" class=\"attachment-thumbnail size-thumbnail\" alt=\"\" aria-describedby=\"gallery-1-4470\" \/><\/a>\n\t\t\t<\/div>\n\t\t\t\t<figcaption class='wp-caption-text gallery-caption' id='gallery-1-4470'>\n\t\t\t\tEscenaris de futur\n\t\t\t\t<\/figcaption><\/figure><figure class='gallery-item'>\n\t\t\t<div class='gallery-icon landscape'>\n\t\t\t\t<a href='https:\/\/alphaespai.com\/ca\/alpha-espai-en-bizbarcelona-2015\/biz_alpha-espai-09\/'><img loading=\"lazy\" decoding=\"async\" width=\"150\" height=\"150\" src=\"https:\/\/alphaespai.com\/wp-content\/uploads\/2015\/07\/Biz_Alpha-Espai-09-150x150.jpeg\" class=\"attachment-thumbnail size-thumbnail\" alt=\"\" aria-describedby=\"gallery-1-4469\" \/><\/a>\n\t\t\t<\/div>\n\t\t\t\t<figcaption class='wp-caption-text gallery-caption' id='gallery-1-4469'>\n\t\t\t\tGlobal Coworking\n\t\t\t\t<\/figcaption><\/figure><figure class='gallery-item'>\n\t\t\t<div class='gallery-icon landscape'>\n\t\t\t\t<a href='https:\/\/alphaespai.com\/ca\/alpha-espai-en-bizbarcelona-2015\/biz_alpha-espai-08\/'><img loading=\"lazy\" decoding=\"async\" width=\"150\" height=\"150\" src=\"https:\/\/alphaespai.com\/wp-content\/uploads\/2015\/07\/Biz_Alpha-Espai-08-150x150.jpeg\" class=\"attachment-thumbnail size-thumbnail\" alt=\"\" aria-describedby=\"gallery-1-4468\" \/><\/a>\n\t\t\t<\/div>\n\t\t\t\t<figcaption class='wp-caption-text gallery-caption' id='gallery-1-4468'>\n\t\t\t\tJordi Silvente en Emprender en primera persona\n\t\t\t\t<\/figcaption><\/figure><figure class='gallery-item'>\n\t\t\t<div class='gallery-icon landscape'>\n\t\t\t\t<a href='https:\/\/alphaespai.com\/ca\/alpha-espai-en-bizbarcelona-2015\/biz_alpha-espai-07\/'><img loading=\"lazy\" decoding=\"async\" width=\"150\" height=\"150\" src=\"https:\/\/alphaespai.com\/wp-content\/uploads\/2015\/07\/Biz_Alpha-Espai-07-150x150.jpg\" class=\"attachment-thumbnail size-thumbnail\" alt=\"\" aria-describedby=\"gallery-1-4467\" \/><\/a>\n\t\t\t<\/div>\n\t\t\t\t<figcaption class='wp-caption-text gallery-caption' id='gallery-1-4467'>\n\t\t\t\tJos\u00e9 Serralvo @jserralvo\n\t\t\t\t<\/figcaption><\/figure><figure class='gallery-item'>\n\t\t\t<div class='gallery-icon landscape'>\n\t\t\t\t<a href='https:\/\/alphaespai.com\/ca\/alpha-espai-en-bizbarcelona-2015\/biz_alpha-espai-06\/'><img loading=\"lazy\" decoding=\"async\" width=\"150\" height=\"150\" src=\"https:\/\/alphaespai.com\/wp-content\/uploads\/2015\/07\/Biz_Alpha-Espai-06-150x150.jpg\" class=\"attachment-thumbnail size-thumbnail\" alt=\"\" aria-describedby=\"gallery-1-4466\" \/><\/a>\n\t\t\t<\/div>\n\t\t\t\t<figcaption class='wp-caption-text gallery-caption' id='gallery-1-4466'>\n\t\t\t\tJordi Silvente en Global Coworking\n\t\t\t\t<\/figcaption><\/figure>\n\t\t<\/div>\n\n","protected":false},"excerpt":{"rendered":"<p>Alpha Espai participa al\u00a0#BizBarcelona 2015, la fira per a solucions per a emprenedors i pimes. Els passats 1 i 2 de juliol, Alpha Espai ha estat representat a la major fira per a emprenedors i pimes feta a Barcelona. Amb la participaci\u00f3 a l\u2019estand de \u00a0Cowocat\u00a0i intervenint en diferents activitats de l\u2019extensa programaci\u00f3 del esdeveniment, [&hellip;]<\/p>\n","protected":false},"author":34,"featured_media":0,"comment_status":"open","ping_status":"closed","sticky":false,"template":"","format":"standard","meta":{"footnotes":""},"categories":[46],"tags":[167,143,144,161,166],"class_list":["post-4482","post","type-post","status-publish","format-standard","hentry","category-blog-ca","tag-conocimiento","tag-coworking-ca-3","tag-emprendedores-ca","tag-startups","tag-talento"],"yoast_head":"<!-- This site is optimized with the Yoast SEO plugin v27.5 - https:\/\/yoast.com\/product\/yoast-seo-wordpress\/ -->\n<title>Alpha Espai a BizBarcelona 2015 - Alpha Espai Coworking<\/title>\n<meta name=\"robots\" content=\"index, follow, max-snippet:-1, max-image-preview:large, max-video-preview:-1\" \/>\n<link rel=\"canonical\" href=\"https:\/\/alphaespai.com\/ca\/alpha-espai-a-bizbarcelona-2015\/\" \/>\n<meta property=\"og:locale\" content=\"ca_ES\" \/>\n<meta property=\"og:type\" content=\"article\" \/>\n<meta property=\"og:title\" content=\"Alpha Espai a BizBarcelona 2015 - Alpha Espai Coworking\" \/>\n<meta property=\"og:description\" content=\"Alpha Espai participa al\u00a0#BizBarcelona 2015, la fira per a solucions per a emprenedors i pimes. Els passats 1 i 2 de juliol, Alpha Espai ha estat representat a la major fira per a emprenedors i pimes feta a Barcelona. Amb la participaci\u00f3 a l\u2019estand de \u00a0Cowocat\u00a0i intervenint en diferents activitats de l\u2019extensa programaci\u00f3 del esdeveniment, [&hellip;]\" \/>\n<meta property=\"og:url\" content=\"https:\/\/alphaespai.com\/ca\/alpha-espai-a-bizbarcelona-2015\/\" \/>\n<meta property=\"og:site_name\" content=\"Alpha Espai Coworking\" \/>\n<meta property=\"article:published_time\" content=\"2015-07-10T16:34:22+00:00\" \/>\n<meta property=\"article:modified_time\" content=\"2015-07-14T07:23:09+00:00\" \/>\n<meta property=\"og:image\" content=\"https:\/\/alphaespai.com\/wp-content\/uploads\/2015\/07\/IMG_6429-150x150.jpg\" \/>\n<meta name=\"author\" content=\"Jordi Silvente\" \/>\n<meta name=\"twitter:label1\" content=\"Escrit per\" \/>\n\t<meta name=\"twitter:data1\" content=\"Jordi Silvente\" \/>\n\t<meta name=\"twitter:label2\" content=\"Temps estimat de lectura\" \/>\n\t<meta name=\"twitter:data2\" content=\"2 minuts\" \/>\n<script type=\"application\/ld+json\" class=\"yoast-schema-graph\">{\"@context\":\"https:\\\/\\\/schema.org\",\"@graph\":[{\"@type\":\"Article\",\"@id\":\"https:\\\/\\\/alphaespai.com\\\/ca\\\/alpha-espai-a-bizbarcelona-2015\\\/#article\",\"isPartOf\":{\"@id\":\"https:\\\/\\\/alphaespai.com\\\/ca\\\/alpha-espai-a-bizbarcelona-2015\\\/\"},\"author\":{\"name\":\"Jordi Silvente\",\"@id\":\"https:\\\/\\\/alphaespai.com\\\/ca\\\/#\\\/schema\\\/person\\\/7a54c95fe3662411f9bc61a7b3875757\"},\"headline\":\"Alpha Espai a BizBarcelona 2015\",\"datePublished\":\"2015-07-10T16:34:22+00:00\",\"dateModified\":\"2015-07-14T07:23:09+00:00\",\"mainEntityOfPage\":{\"@id\":\"https:\\\/\\\/alphaespai.com\\\/ca\\\/alpha-espai-a-bizbarcelona-2015\\\/\"},\"wordCount\":342,\"commentCount\":0,\"keywords\":[\"#conocimiento\",\"#coworking\",\"#emprendedores\",\"#startups\",\"#talento\"],\"articleSection\":[\"Blog\"],\"inLanguage\":\"ca\",\"potentialAction\":[{\"@type\":\"CommentAction\",\"name\":\"Comment\",\"target\":[\"https:\\\/\\\/alphaespai.com\\\/ca\\\/alpha-espai-a-bizbarcelona-2015\\\/#respond\"]}]},{\"@type\":\"WebPage\",\"@id\":\"https:\\\/\\\/alphaespai.com\\\/ca\\\/alpha-espai-a-bizbarcelona-2015\\\/\",\"url\":\"https:\\\/\\\/alphaespai.com\\\/ca\\\/alpha-espai-a-bizbarcelona-2015\\\/\",\"name\":\"Alpha Espai a BizBarcelona 2015 - Alpha Espai Coworking\",\"isPartOf\":{\"@id\":\"https:\\\/\\\/alphaespai.com\\\/ca\\\/#website\"},\"datePublished\":\"2015-07-10T16:34:22+00:00\",\"dateModified\":\"2015-07-14T07:23:09+00:00\",\"author\":{\"@id\":\"https:\\\/\\\/alphaespai.com\\\/ca\\\/#\\\/schema\\\/person\\\/7a54c95fe3662411f9bc61a7b3875757\"},\"inLanguage\":\"ca\",\"potentialAction\":[{\"@type\":\"ReadAction\",\"target\":[\"https:\\\/\\\/alphaespai.com\\\/ca\\\/alpha-espai-a-bizbarcelona-2015\\\/\"]}]},{\"@type\":\"WebSite\",\"@id\":\"https:\\\/\\\/alphaespai.com\\\/ca\\\/#website\",\"url\":\"https:\\\/\\\/alphaespai.com\\\/ca\\\/\",\"name\":\"Alpha Espai Coworking\",\"description\":\"Espai de Coworking a Barcelona\",\"potentialAction\":[{\"@type\":\"SearchAction\",\"target\":{\"@type\":\"EntryPoint\",\"urlTemplate\":\"https:\\\/\\\/alphaespai.com\\\/ca\\\/?s={search_term_string}\"},\"query-input\":{\"@type\":\"PropertyValueSpecification\",\"valueRequired\":true,\"valueName\":\"search_term_string\"}}],\"inLanguage\":\"ca\"},{\"@type\":\"Person\",\"@id\":\"https:\\\/\\\/alphaespai.com\\\/ca\\\/#\\\/schema\\\/person\\\/7a54c95fe3662411f9bc61a7b3875757\",\"name\":\"Jordi Silvente\",\"image\":{\"@type\":\"ImageObject\",\"inLanguage\":\"ca\",\"@id\":\"https:\\\/\\\/secure.gravatar.com\\\/avatar\\\/3e62d1a33729936e1b5ed0b7452ba68de85677574466df96ba46ab1152cdcba3?s=96&d=mm&r=g\",\"url\":\"https:\\\/\\\/secure.gravatar.com\\\/avatar\\\/3e62d1a33729936e1b5ed0b7452ba68de85677574466df96ba46ab1152cdcba3?s=96&d=mm&r=g\",\"contentUrl\":\"https:\\\/\\\/secure.gravatar.com\\\/avatar\\\/3e62d1a33729936e1b5ed0b7452ba68de85677574466df96ba46ab1152cdcba3?s=96&d=mm&r=g\",\"caption\":\"Jordi Silvente\"},\"url\":\"https:\\\/\\\/alphaespai.com\\\/ca\\\/author\\\/admin\\\/\"}]}<\/script>\n<!-- \/ Yoast SEO plugin. -->","yoast_head_json":{"title":"Alpha Espai a BizBarcelona 2015 - Alpha Espai Coworking","robots":{"index":"index","follow":"follow","max-snippet":"max-snippet:-1","max-image-preview":"max-image-preview:large","max-video-preview":"max-video-preview:-1"},"canonical":"https:\/\/alphaespai.com\/ca\/alpha-espai-a-bizbarcelona-2015\/","og_locale":"ca_ES","og_type":"article","og_title":"Alpha Espai a BizBarcelona 2015 - Alpha Espai Coworking","og_description":"Alpha Espai participa al\u00a0#BizBarcelona 2015, la fira per a solucions per a emprenedors i pimes. Els passats 1 i 2 de juliol, Alpha Espai ha estat representat a la major fira per a emprenedors i pimes feta a Barcelona. Amb la participaci\u00f3 a l\u2019estand de \u00a0Cowocat\u00a0i intervenint en diferents activitats de l\u2019extensa programaci\u00f3 del esdeveniment, [&hellip;]","og_url":"https:\/\/alphaespai.com\/ca\/alpha-espai-a-bizbarcelona-2015\/","og_site_name":"Alpha Espai Coworking","article_published_time":"2015-07-10T16:34:22+00:00","article_modified_time":"2015-07-14T07:23:09+00:00","og_image":[{"url":"https:\/\/alphaespai.com\/wp-content\/uploads\/2015\/07\/IMG_6429-150x150.jpg","type":"","width":"","height":""}],"author":"Jordi Silvente","twitter_misc":{"Escrit per":"Jordi Silvente","Temps estimat de lectura":"2 minuts"},"schema":{"@context":"https:\/\/schema.org","@graph":[{"@type":"Article","@id":"https:\/\/alphaespai.com\/ca\/alpha-espai-a-bizbarcelona-2015\/#article","isPartOf":{"@id":"https:\/\/alphaespai.com\/ca\/alpha-espai-a-bizbarcelona-2015\/"},"author":{"name":"Jordi Silvente","@id":"https:\/\/alphaespai.com\/ca\/#\/schema\/person\/7a54c95fe3662411f9bc61a7b3875757"},"headline":"Alpha Espai a BizBarcelona 2015","datePublished":"2015-07-10T16:34:22+00:00","dateModified":"2015-07-14T07:23:09+00:00","mainEntityOfPage":{"@id":"https:\/\/alphaespai.com\/ca\/alpha-espai-a-bizbarcelona-2015\/"},"wordCount":342,"commentCount":0,"keywords":["#conocimiento","#coworking","#emprendedores","#startups","#talento"],"articleSection":["Blog"],"inLanguage":"ca","potentialAction":[{"@type":"CommentAction","name":"Comment","target":["https:\/\/alphaespai.com\/ca\/alpha-espai-a-bizbarcelona-2015\/#respond"]}]},{"@type":"WebPage","@id":"https:\/\/alphaespai.com\/ca\/alpha-espai-a-bizbarcelona-2015\/","url":"https:\/\/alphaespai.com\/ca\/alpha-espai-a-bizbarcelona-2015\/","name":"Alpha Espai a BizBarcelona 2015 - Alpha Espai Coworking","isPartOf":{"@id":"https:\/\/alphaespai.com\/ca\/#website"},"datePublished":"2015-07-10T16:34:22+00:00","dateModified":"2015-07-14T07:23:09+00:00","author":{"@id":"https:\/\/alphaespai.com\/ca\/#\/schema\/person\/7a54c95fe3662411f9bc61a7b3875757"},"inLanguage":"ca","potentialAction":[{"@type":"ReadAction","target":["https:\/\/alphaespai.com\/ca\/alpha-espai-a-bizbarcelona-2015\/"]}]},{"@type":"WebSite","@id":"https:\/\/alphaespai.com\/ca\/#website","url":"https:\/\/alphaespai.com\/ca\/","name":"Alpha Espai Coworking","description":"Espai de Coworking a Barcelona","potentialAction":[{"@type":"SearchAction","target":{"@type":"EntryPoint","urlTemplate":"https:\/\/alphaespai.com\/ca\/?s={search_term_string}"},"query-input":{"@type":"PropertyValueSpecification","valueRequired":true,"valueName":"search_term_string"}}],"inLanguage":"ca"},{"@type":"Person","@id":"https:\/\/alphaespai.com\/ca\/#\/schema\/person\/7a54c95fe3662411f9bc61a7b3875757","name":"Jordi Silvente","image":{"@type":"ImageObject","inLanguage":"ca","@id":"https:\/\/secure.gravatar.com\/avatar\/3e62d1a33729936e1b5ed0b7452ba68de85677574466df96ba46ab1152cdcba3?s=96&d=mm&r=g","url":"https:\/\/secure.gravatar.com\/avatar\/3e62d1a33729936e1b5ed0b7452ba68de85677574466df96ba46ab1152cdcba3?s=96&d=mm&r=g","contentUrl":"https:\/\/secure.gravatar.com\/avatar\/3e62d1a33729936e1b5ed0b7452ba68de85677574466df96ba46ab1152cdcba3?s=96&d=mm&r=g","caption":"Jordi Silvente"},"url":"https:\/\/alphaespai.com\/ca\/author\/admin\/"}]}},"_links":{"self":[{"href":"https:\/\/alphaespai.com\/ca\/wp-json\/wp\/v2\/posts\/4482","targetHints":{"allow":["GET"]}}],"collection":[{"href":"https:\/\/alphaespai.com\/ca\/wp-json\/wp\/v2\/posts"}],"about":[{"href":"https:\/\/alphaespai.com\/ca\/wp-json\/wp\/v2\/types\/post"}],"author":[{"embeddable":true,"href":"https:\/\/alphaespai.com\/ca\/wp-json\/wp\/v2\/users\/34"}],"replies":[{"embeddable":true,"href":"https:\/\/alphaespai.com\/ca\/wp-json\/wp\/v2\/comments?post=4482"}],"version-history":[{"count":0,"href":"https:\/\/alphaespai.com\/ca\/wp-json\/wp\/v2\/posts\/4482\/revisions"}],"wp:attachment":[{"href":"https:\/\/alphaespai.com\/ca\/wp-json\/wp\/v2\/media?parent=4482"}],"wp:term":[{"taxonomy":"category","embeddable":true,"href":"https:\/\/alphaespai.com\/ca\/wp-json\/wp\/v2\/categories?post=4482"},{"taxonomy":"post_tag","embeddable":true,"href":"https:\/\/alphaespai.com\/ca\/wp-json\/wp\/v2\/tags?post=4482"}],"curies":[{"name":"wp","href":"https:\/\/api.w.org\/{rel}","templated":true}]}}