{"id":4503,"date":"2015-07-10T17:28:16","date_gmt":"2015-07-10T17:28:16","guid":{"rendered":"https:\/\/alphaespai.com\/?p=4503"},"modified":"2015-07-10T18:35:18","modified_gmt":"2015-07-10T18:35:18","slug":"taller-de-comunicacio-projeccio-professional-1-i-2-de-setembre-2015","status":"publish","type":"post","link":"https:\/\/alphaespai.com\/ca\/taller-de-comunicacio-projeccio-professional-1-i-2-de-setembre-2015\/","title":{"rendered":"Taller de comunicaci\u00f3: PROJECCI\u00d3 PROFESSIONAL                                      1 i 2 de setembre 2015"},"content":{"rendered":"<p>&nbsp;<\/p>\n<h3><span style=\"color: #519165;\"><strong>TALLER DE COM<img fetchpriority=\"high\" decoding=\"async\" class=\"  wp-image-4505 alignleft\" src=\"https:\/\/alphaespai.com\/wp-content\/uploads\/2015\/07\/taller2-300x149.png\" alt=\"taller2\" width=\"364\" height=\"181\" srcset=\"https:\/\/alphaespai.com\/wp-content\/uploads\/2015\/07\/taller2-300x149.png 300w, https:\/\/alphaespai.com\/wp-content\/uploads\/2015\/07\/taller2.png 649w\" sizes=\"(max-width: 364px) 100vw, 364px\" \/>UNICACI\u00d3 PER A LA TEVA PROJECCI\u00d3 PROFESSIONAL<\/strong><\/span><\/h3>\n<p style=\"text-align: justify;\"><strong>Al tornar de vacances et convidem a desenvolupar la teva <\/strong><strong>autonomia <\/strong><strong>per a comunicar els teus projectes i potenciar la teva <\/strong><strong>marca personal<\/strong><strong>, amb un taller de comunicaci\u00f3 destinat a millorar la teva <\/strong><strong>projecci\u00f3 professional<\/strong><strong>.<\/strong><\/p>\n<p><strong>\u00a0<\/strong><\/p>\n<h3><span style=\"color: #519165;\"><strong>CONTINGUT<\/strong><\/span><\/h3>\n<p><strong>Recursos per a potenciar la teva marca personal a les xarxes<\/strong><\/p>\n<p><strong>Aspectes b\u00e0sics per a una comunicaci\u00f3 efica\u00e7<\/strong><\/p>\n<p><strong>Assessorament en la creaci\u00f3 d\u2019un blog professional<\/strong><\/p>\n<p><strong>Bon us i gaudir de les xarxes socials <\/strong><\/p>\n<p><strong>\u00a0<\/strong><\/p>\n<p>Data: 1 i 2 de setembre, de 17:30h a 20:30h<\/p>\n<p>Lloc: Alpha Espai Coworking<\/p>\n<p><span style=\"color: #519165;\"><strong>Preu<\/strong>:<\/span> 50 \u20ac<\/p>\n<p>Places limitades (Reserva la teva pla\u00e7a omplint el <strong><span style=\"color: #519165;\"><a style=\"color: #519165;\" href=\"http:\/\/goo.gl\/forms\/pWc6fK5rzz\">formulari de inscripci\u00f3<\/a><\/span><\/strong>)<\/p>\n<p>&nbsp;<\/p>\n<p>&nbsp;<\/p>\n<p>Impartit per <span style=\"color: #519165;\"><strong><a style=\"color: #519165;\" href=\"https:\/\/soniamarquescamps.wordpress.com\/about\/\">Sonia Marqu\u00e8s Camps<\/a><\/strong><\/span>, periodista especialitzada en comunicaci\u00f3 professional y coordinadora de diferents projectes 2.0.<\/p>\n","protected":false},"excerpt":{"rendered":"<p>&nbsp; TALLER DE COMUNICACI\u00d3 PER A LA TEVA PROJECCI\u00d3 PROFESSIONAL Al tornar de vacances et convidem a desenvolupar la teva autonomia per a comunicar els teus projectes i potenciar la teva marca personal, amb un taller de comunicaci\u00f3 destinat a millorar la teva projecci\u00f3 professional. \u00a0 CONTINGUT Recursos per a potenciar la teva marca personal [&hellip;]<\/p>\n","protected":false},"author":34,"featured_media":0,"comment_status":"open","ping_status":"closed","sticky":false,"template":"","format":"standard","meta":{"footnotes":""},"categories":[105],"tags":[143],"class_list":["post-4503","post","type-post","status-publish","format-standard","hentry","category-esdeveniments","tag-coworking-ca-3"],"yoast_head":"<!-- This site is optimized with the Yoast SEO plugin v27.5 - https:\/\/yoast.com\/product\/yoast-seo-wordpress\/ -->\n<title>Taller de comunicaci\u00f3: PROJECCI\u00d3 PROFESSIONAL                   1 i 2 de setembre 2015 - Alpha Espai Coworking<\/title>\n<meta name=\"robots\" content=\"index, follow, max-snippet:-1, max-image-preview:large, max-video-preview:-1\" \/>\n<link rel=\"canonical\" href=\"https:\/\/alphaespai.com\/ca\/taller-de-comunicacio-projeccio-professional-1-i-2-de-setembre-2015\/\" \/>\n<meta property=\"og:locale\" content=\"ca_ES\" \/>\n<meta property=\"og:type\" content=\"article\" \/>\n<meta property=\"og:title\" content=\"Taller de comunicaci\u00f3: PROJECCI\u00d3 PROFESSIONAL                   1 i 2 de setembre 2015 - Alpha Espai Coworking\" \/>\n<meta property=\"og:description\" content=\"&nbsp; TALLER DE COMUNICACI\u00d3 PER A LA TEVA PROJECCI\u00d3 PROFESSIONAL Al tornar de vacances et convidem a desenvolupar la teva autonomia per a comunicar els teus projectes i potenciar la teva marca personal, amb un taller de comunicaci\u00f3 destinat a millorar la teva projecci\u00f3 professional. \u00a0 CONTINGUT Recursos per a potenciar la teva marca personal [&hellip;]\" \/>\n<meta property=\"og:url\" content=\"https:\/\/alphaespai.com\/ca\/taller-de-comunicacio-projeccio-professional-1-i-2-de-setembre-2015\/\" \/>\n<meta property=\"og:site_name\" content=\"Alpha Espai Coworking\" \/>\n<meta property=\"article:published_time\" content=\"2015-07-10T17:28:16+00:00\" \/>\n<meta property=\"article:modified_time\" content=\"2015-07-10T18:35:18+00:00\" \/>\n<meta property=\"og:image\" content=\"https:\/\/alphaespai.com\/wp-content\/uploads\/2015\/07\/taller2-300x149.png\" \/>\n<meta name=\"author\" content=\"Jordi Silvente\" \/>\n<meta name=\"twitter:label1\" content=\"Escrit per\" \/>\n\t<meta name=\"twitter:data1\" content=\"Jordi Silvente\" \/>\n\t<meta name=\"twitter:label2\" content=\"Temps estimat de lectura\" \/>\n\t<meta name=\"twitter:data2\" content=\"1 minut\" \/>\n<script type=\"application\/ld+json\" class=\"yoast-schema-graph\">{\"@context\":\"https:\\\/\\\/schema.org\",\"@graph\":[{\"@type\":\"Article\",\"@id\":\"https:\\\/\\\/alphaespai.com\\\/ca\\\/taller-de-comunicacio-projeccio-professional-1-i-2-de-setembre-2015\\\/#article\",\"isPartOf\":{\"@id\":\"https:\\\/\\\/alphaespai.com\\\/ca\\\/taller-de-comunicacio-projeccio-professional-1-i-2-de-setembre-2015\\\/\"},\"author\":{\"name\":\"Jordi Silvente\",\"@id\":\"https:\\\/\\\/alphaespai.com\\\/ca\\\/#\\\/schema\\\/person\\\/7a54c95fe3662411f9bc61a7b3875757\"},\"headline\":\"Taller de comunicaci\u00f3: PROJECCI\u00d3 PROFESSIONAL 1 i 2 de setembre 2015\",\"datePublished\":\"2015-07-10T17:28:16+00:00\",\"dateModified\":\"2015-07-10T18:35:18+00:00\",\"mainEntityOfPage\":{\"@id\":\"https:\\\/\\\/alphaespai.com\\\/ca\\\/taller-de-comunicacio-projeccio-professional-1-i-2-de-setembre-2015\\\/\"},\"wordCount\":132,\"commentCount\":0,\"image\":{\"@id\":\"https:\\\/\\\/alphaespai.com\\\/ca\\\/taller-de-comunicacio-projeccio-professional-1-i-2-de-setembre-2015\\\/#primaryimage\"},\"thumbnailUrl\":\"https:\\\/\\\/alphaespai.com\\\/wp-content\\\/uploads\\\/2015\\\/07\\\/taller2-300x149.png\",\"keywords\":[\"#coworking\"],\"articleSection\":[\"Esdeveniments\"],\"inLanguage\":\"ca\",\"potentialAction\":[{\"@type\":\"CommentAction\",\"name\":\"Comment\",\"target\":[\"https:\\\/\\\/alphaespai.com\\\/ca\\\/taller-de-comunicacio-projeccio-professional-1-i-2-de-setembre-2015\\\/#respond\"]}]},{\"@type\":\"WebPage\",\"@id\":\"https:\\\/\\\/alphaespai.com\\\/ca\\\/taller-de-comunicacio-projeccio-professional-1-i-2-de-setembre-2015\\\/\",\"url\":\"https:\\\/\\\/alphaespai.com\\\/ca\\\/taller-de-comunicacio-projeccio-professional-1-i-2-de-setembre-2015\\\/\",\"name\":\"Taller de comunicaci\u00f3: PROJECCI\u00d3 PROFESSIONAL 1 i 2 de setembre 2015 - Alpha Espai Coworking\",\"isPartOf\":{\"@id\":\"https:\\\/\\\/alphaespai.com\\\/ca\\\/#website\"},\"primaryImageOfPage\":{\"@id\":\"https:\\\/\\\/alphaespai.com\\\/ca\\\/taller-de-comunicacio-projeccio-professional-1-i-2-de-setembre-2015\\\/#primaryimage\"},\"image\":{\"@id\":\"https:\\\/\\\/alphaespai.com\\\/ca\\\/taller-de-comunicacio-projeccio-professional-1-i-2-de-setembre-2015\\\/#primaryimage\"},\"thumbnailUrl\":\"https:\\\/\\\/alphaespai.com\\\/wp-content\\\/uploads\\\/2015\\\/07\\\/taller2-300x149.png\",\"datePublished\":\"2015-07-10T17:28:16+00:00\",\"dateModified\":\"2015-07-10T18:35:18+00:00\",\"author\":{\"@id\":\"https:\\\/\\\/alphaespai.com\\\/ca\\\/#\\\/schema\\\/person\\\/7a54c95fe3662411f9bc61a7b3875757\"},\"inLanguage\":\"ca\",\"potentialAction\":[{\"@type\":\"ReadAction\",\"target\":[\"https:\\\/\\\/alphaespai.com\\\/ca\\\/taller-de-comunicacio-projeccio-professional-1-i-2-de-setembre-2015\\\/\"]}]},{\"@type\":\"ImageObject\",\"inLanguage\":\"ca\",\"@id\":\"https:\\\/\\\/alphaespai.com\\\/ca\\\/taller-de-comunicacio-projeccio-professional-1-i-2-de-setembre-2015\\\/#primaryimage\",\"url\":\"https:\\\/\\\/alphaespai.com\\\/wp-content\\\/uploads\\\/2015\\\/07\\\/taller2-300x149.png\",\"contentUrl\":\"https:\\\/\\\/alphaespai.com\\\/wp-content\\\/uploads\\\/2015\\\/07\\\/taller2-300x149.png\"},{\"@type\":\"WebSite\",\"@id\":\"https:\\\/\\\/alphaespai.com\\\/ca\\\/#website\",\"url\":\"https:\\\/\\\/alphaespai.com\\\/ca\\\/\",\"name\":\"Alpha Espai Coworking\",\"description\":\"Espai de Coworking a Barcelona\",\"potentialAction\":[{\"@type\":\"SearchAction\",\"target\":{\"@type\":\"EntryPoint\",\"urlTemplate\":\"https:\\\/\\\/alphaespai.com\\\/ca\\\/?s={search_term_string}\"},\"query-input\":{\"@type\":\"PropertyValueSpecification\",\"valueRequired\":true,\"valueName\":\"search_term_string\"}}],\"inLanguage\":\"ca\"},{\"@type\":\"Person\",\"@id\":\"https:\\\/\\\/alphaespai.com\\\/ca\\\/#\\\/schema\\\/person\\\/7a54c95fe3662411f9bc61a7b3875757\",\"name\":\"Jordi Silvente\",\"image\":{\"@type\":\"ImageObject\",\"inLanguage\":\"ca\",\"@id\":\"https:\\\/\\\/secure.gravatar.com\\\/avatar\\\/3e62d1a33729936e1b5ed0b7452ba68de85677574466df96ba46ab1152cdcba3?s=96&d=mm&r=g\",\"url\":\"https:\\\/\\\/secure.gravatar.com\\\/avatar\\\/3e62d1a33729936e1b5ed0b7452ba68de85677574466df96ba46ab1152cdcba3?s=96&d=mm&r=g\",\"contentUrl\":\"https:\\\/\\\/secure.gravatar.com\\\/avatar\\\/3e62d1a33729936e1b5ed0b7452ba68de85677574466df96ba46ab1152cdcba3?s=96&d=mm&r=g\",\"caption\":\"Jordi Silvente\"},\"url\":\"https:\\\/\\\/alphaespai.com\\\/ca\\\/author\\\/admin\\\/\"}]}<\/script>\n<!-- \/ Yoast SEO plugin. -->","yoast_head_json":{"title":"Taller de comunicaci\u00f3: PROJECCI\u00d3 PROFESSIONAL                   1 i 2 de setembre 2015 - Alpha Espai Coworking","robots":{"index":"index","follow":"follow","max-snippet":"max-snippet:-1","max-image-preview":"max-image-preview:large","max-video-preview":"max-video-preview:-1"},"canonical":"https:\/\/alphaespai.com\/ca\/taller-de-comunicacio-projeccio-professional-1-i-2-de-setembre-2015\/","og_locale":"ca_ES","og_type":"article","og_title":"Taller de comunicaci\u00f3: PROJECCI\u00d3 PROFESSIONAL                   1 i 2 de setembre 2015 - Alpha Espai Coworking","og_description":"&nbsp; TALLER DE COMUNICACI\u00d3 PER A LA TEVA PROJECCI\u00d3 PROFESSIONAL Al tornar de vacances et convidem a desenvolupar la teva autonomia per a comunicar els teus projectes i potenciar la teva marca personal, amb un taller de comunicaci\u00f3 destinat a millorar la teva projecci\u00f3 professional. \u00a0 CONTINGUT Recursos per a potenciar la teva marca personal [&hellip;]","og_url":"https:\/\/alphaespai.com\/ca\/taller-de-comunicacio-projeccio-professional-1-i-2-de-setembre-2015\/","og_site_name":"Alpha Espai Coworking","article_published_time":"2015-07-10T17:28:16+00:00","article_modified_time":"2015-07-10T18:35:18+00:00","og_image":[{"url":"https:\/\/alphaespai.com\/wp-content\/uploads\/2015\/07\/taller2-300x149.png","type":"","width":"","height":""}],"author":"Jordi Silvente","twitter_misc":{"Escrit per":"Jordi Silvente","Temps estimat de lectura":"1 minut"},"schema":{"@context":"https:\/\/schema.org","@graph":[{"@type":"Article","@id":"https:\/\/alphaespai.com\/ca\/taller-de-comunicacio-projeccio-professional-1-i-2-de-setembre-2015\/#article","isPartOf":{"@id":"https:\/\/alphaespai.com\/ca\/taller-de-comunicacio-projeccio-professional-1-i-2-de-setembre-2015\/"},"author":{"name":"Jordi Silvente","@id":"https:\/\/alphaespai.com\/ca\/#\/schema\/person\/7a54c95fe3662411f9bc61a7b3875757"},"headline":"Taller de comunicaci\u00f3: PROJECCI\u00d3 PROFESSIONAL 1 i 2 de setembre 2015","datePublished":"2015-07-10T17:28:16+00:00","dateModified":"2015-07-10T18:35:18+00:00","mainEntityOfPage":{"@id":"https:\/\/alphaespai.com\/ca\/taller-de-comunicacio-projeccio-professional-1-i-2-de-setembre-2015\/"},"wordCount":132,"commentCount":0,"image":{"@id":"https:\/\/alphaespai.com\/ca\/taller-de-comunicacio-projeccio-professional-1-i-2-de-setembre-2015\/#primaryimage"},"thumbnailUrl":"https:\/\/alphaespai.com\/wp-content\/uploads\/2015\/07\/taller2-300x149.png","keywords":["#coworking"],"articleSection":["Esdeveniments"],"inLanguage":"ca","potentialAction":[{"@type":"CommentAction","name":"Comment","target":["https:\/\/alphaespai.com\/ca\/taller-de-comunicacio-projeccio-professional-1-i-2-de-setembre-2015\/#respond"]}]},{"@type":"WebPage","@id":"https:\/\/alphaespai.com\/ca\/taller-de-comunicacio-projeccio-professional-1-i-2-de-setembre-2015\/","url":"https:\/\/alphaespai.com\/ca\/taller-de-comunicacio-projeccio-professional-1-i-2-de-setembre-2015\/","name":"Taller de comunicaci\u00f3: PROJECCI\u00d3 PROFESSIONAL 1 i 2 de setembre 2015 - Alpha Espai Coworking","isPartOf":{"@id":"https:\/\/alphaespai.com\/ca\/#website"},"primaryImageOfPage":{"@id":"https:\/\/alphaespai.com\/ca\/taller-de-comunicacio-projeccio-professional-1-i-2-de-setembre-2015\/#primaryimage"},"image":{"@id":"https:\/\/alphaespai.com\/ca\/taller-de-comunicacio-projeccio-professional-1-i-2-de-setembre-2015\/#primaryimage"},"thumbnailUrl":"https:\/\/alphaespai.com\/wp-content\/uploads\/2015\/07\/taller2-300x149.png","datePublished":"2015-07-10T17:28:16+00:00","dateModified":"2015-07-10T18:35:18+00:00","author":{"@id":"https:\/\/alphaespai.com\/ca\/#\/schema\/person\/7a54c95fe3662411f9bc61a7b3875757"},"inLanguage":"ca","potentialAction":[{"@type":"ReadAction","target":["https:\/\/alphaespai.com\/ca\/taller-de-comunicacio-projeccio-professional-1-i-2-de-setembre-2015\/"]}]},{"@type":"ImageObject","inLanguage":"ca","@id":"https:\/\/alphaespai.com\/ca\/taller-de-comunicacio-projeccio-professional-1-i-2-de-setembre-2015\/#primaryimage","url":"https:\/\/alphaespai.com\/wp-content\/uploads\/2015\/07\/taller2-300x149.png","contentUrl":"https:\/\/alphaespai.com\/wp-content\/uploads\/2015\/07\/taller2-300x149.png"},{"@type":"WebSite","@id":"https:\/\/alphaespai.com\/ca\/#website","url":"https:\/\/alphaespai.com\/ca\/","name":"Alpha Espai Coworking","description":"Espai de Coworking a Barcelona","potentialAction":[{"@type":"SearchAction","target":{"@type":"EntryPoint","urlTemplate":"https:\/\/alphaespai.com\/ca\/?s={search_term_string}"},"query-input":{"@type":"PropertyValueSpecification","valueRequired":true,"valueName":"search_term_string"}}],"inLanguage":"ca"},{"@type":"Person","@id":"https:\/\/alphaespai.com\/ca\/#\/schema\/person\/7a54c95fe3662411f9bc61a7b3875757","name":"Jordi Silvente","image":{"@type":"ImageObject","inLanguage":"ca","@id":"https:\/\/secure.gravatar.com\/avatar\/3e62d1a33729936e1b5ed0b7452ba68de85677574466df96ba46ab1152cdcba3?s=96&d=mm&r=g","url":"https:\/\/secure.gravatar.com\/avatar\/3e62d1a33729936e1b5ed0b7452ba68de85677574466df96ba46ab1152cdcba3?s=96&d=mm&r=g","contentUrl":"https:\/\/secure.gravatar.com\/avatar\/3e62d1a33729936e1b5ed0b7452ba68de85677574466df96ba46ab1152cdcba3?s=96&d=mm&r=g","caption":"Jordi Silvente"},"url":"https:\/\/alphaespai.com\/ca\/author\/admin\/"}]}},"_links":{"self":[{"href":"https:\/\/alphaespai.com\/ca\/wp-json\/wp\/v2\/posts\/4503","targetHints":{"allow":["GET"]}}],"collection":[{"href":"https:\/\/alphaespai.com\/ca\/wp-json\/wp\/v2\/posts"}],"about":[{"href":"https:\/\/alphaespai.com\/ca\/wp-json\/wp\/v2\/types\/post"}],"author":[{"embeddable":true,"href":"https:\/\/alphaespai.com\/ca\/wp-json\/wp\/v2\/users\/34"}],"replies":[{"embeddable":true,"href":"https:\/\/alphaespai.com\/ca\/wp-json\/wp\/v2\/comments?post=4503"}],"version-history":[{"count":0,"href":"https:\/\/alphaespai.com\/ca\/wp-json\/wp\/v2\/posts\/4503\/revisions"}],"wp:attachment":[{"href":"https:\/\/alphaespai.com\/ca\/wp-json\/wp\/v2\/media?parent=4503"}],"wp:term":[{"taxonomy":"category","embeddable":true,"href":"https:\/\/alphaespai.com\/ca\/wp-json\/wp\/v2\/categories?post=4503"},{"taxonomy":"post_tag","embeddable":true,"href":"https:\/\/alphaespai.com\/ca\/wp-json\/wp\/v2\/tags?post=4503"}],"curies":[{"name":"wp","href":"https:\/\/api.w.org\/{rel}","templated":true}]}}