{"id":4520,"date":"2015-08-07T13:21:12","date_gmt":"2015-08-07T13:21:12","guid":{"rendered":"https:\/\/alphaespai.com\/?p=4520"},"modified":"2015-09-07T13:40:22","modified_gmt":"2015-09-07T13:40:22","slug":"joves-emprenedors","status":"publish","type":"post","link":"https:\/\/alphaespai.com\/ca\/joves-emprenedors\/","title":{"rendered":"Joves emprenedors"},"content":{"rendered":"<p style=\"text-align: justify;\">Qu\u00e8 pensem del futur als 16 anys? Potser molts dels joves es basen en l&#8217;exemple que tenen a casa seva, per\u00f2 \u00e9s tamb\u00e9 responsabilitat de la societat fomentar i donar a con\u00e8ixer l&#8217;esperit emprenedor als joves.<\/p>\n<p style=\"text-align: justify;\">Obrir la mentalitat dels joves a la possibilitat d&#8217;escollir un futur professional que no sigui una traject\u00f2ria professional com a empleat \u00e9s fonamental per desenvolupar llavors de creativitat, innovaci\u00f3 i genialitat que tenen molts joves i que moltes vegades es veuen aturades per la manca de preparaci\u00f3 i oportunitat per a l\u2019elecci\u00f3 d\u2019una traject\u00f2ria empresarial.<\/p>\n<p style=\"text-align: justify;\">Dotar els joves d\u2019eines necess\u00e0ries per\u00a0 enfrontar el m\u00f3n laboral i possibilitar-los d&#8217;assolir les seves metes dins d\u2019un marc de responsabilitat i llibertat \u00e9s imprescindible per oferir-los oportunitats m\u00e9s consolidades de futur.<\/p>\n<p style=\"text-align: justify;\">El passat 31 de juliol, vam rebre a Alpha Espai quatre joves de Girona, estudiants de l\u2019<a href=\"http:\/\/www.bell-lloc.org\/\">Escola Bell-lloc del Pl\u00e0<\/a>\u00a0y guardonats al <a href=\"https:\/\/fundacionjaes.wordpress.com\/\">Junior Achievement<\/a>\u00a0d&#8217;\u00e0mbit nacional, com a\u00a0 millor projecte empresarial internacional, i al\u00a0<a href=\"http:\/\/www.jaewb.org\/events-competitions\/international-student-company-festival-2015-29\/\">Internacional Student Company Festival<\/a>, com a millor miniempresa social, amb el seu projecte <strong><a href=\"https:\/\/youtu.be\/RYgF2sNPDGU\">SCHOOL GO<\/a><\/strong>, soluci\u00f3 que, mitjan\u00e7ant una aplicaci\u00f3 m\u00f2bil, ajudar\u00e0 pares i nens en els seus despla\u00e7aments a centres educatius i centres d\u2019activitats extraescolars i que suposa un gran impacte social de mobilitat i de millora ambiental en l\u2019entorn pr\u00f2xim.<\/p>\n<p style=\"text-align: justify;\">De moment, en Marc, en Gen\u00eds, en David i en Joan, <a href=\"http:\/\/www.dinkenterprise.com\/\">http:\/\/www.dinken<\/a><a href=\"http:\/\/www.dinkenterprise.com\/\">terprise.com\/<\/a>\u00a0, tenen l\u2019\u00e8xit de tenir el suport de professors amb inquietuds, que aquests joves tenen com a referents en els seus \u00e8xits. A m\u00e9s a m\u00e9s, compten amb un entorn familiar i d\u2019amistats que els animen i els proposen continuar amb les seves iniciatives i absorbir tot aquest aprenentatge que d\u00f3na la proposta de l&#8217;emprenedoria, que per si sola, ja \u00e9s un gran premi per a ells.<\/p>\n<div id='gallery-1' class='gallery galleryid-4520 gallery-columns-3 gallery-size-thumbnail'><figure class='gallery-item'>\n\t\t\t<div class='gallery-icon landscape'>\n\t\t\t\t<a href='https:\/\/alphaespai.com\/ca\/jovenes-emprendedores\/dsc_0880\/'><img decoding=\"async\" width=\"150\" height=\"150\" src=\"https:\/\/alphaespai.com\/wp-content\/uploads\/2015\/08\/DSC_0880-150x150.jpg\" class=\"attachment-thumbnail size-thumbnail\" alt=\"Coworking\" aria-describedby=\"gallery-1-4518\" \/><\/a>\n\t\t\t<\/div>\n\t\t\t\t<figcaption class='wp-caption-text gallery-caption' id='gallery-1-4518'>\n\t\t\t\tPresentaci\u00f3 video School Go\n\t\t\t\t<\/figcaption><\/figure><figure class='gallery-item'>\n\t\t\t<div class='gallery-icon landscape'>\n\t\t\t\t<a href='https:\/\/alphaespai.com\/ca\/jovenes-emprendedores\/dsc_0875\/'><img decoding=\"async\" width=\"150\" height=\"150\" src=\"https:\/\/alphaespai.com\/wp-content\/uploads\/2015\/08\/DSC_0875-150x150.jpg\" class=\"attachment-thumbnail size-thumbnail\" alt=\"\" aria-describedby=\"gallery-1-4517\" \/><\/a>\n\t\t\t<\/div>\n\t\t\t\t<figcaption class='wp-caption-text gallery-caption' id='gallery-1-4517'>\n\t\t\t\tPresentant SchoolGo a emprenedors de l&#8217;espai\n\t\t\t\t<\/figcaption><\/figure><figure class='gallery-item'>\n\t\t\t<div class='gallery-icon landscape'>\n\t\t\t\t<a href='https:\/\/alphaespai.com\/ca\/jovenes-emprendedores\/la-foto-4\/'><img decoding=\"async\" width=\"150\" height=\"150\" src=\"https:\/\/alphaespai.com\/wp-content\/uploads\/2015\/08\/la-foto-4-150x150.jpg\" class=\"attachment-thumbnail size-thumbnail\" alt=\"\" aria-describedby=\"gallery-1-4516\" \/><\/a>\n\t\t\t<\/div>\n\t\t\t\t<figcaption class='wp-caption-text gallery-caption' id='gallery-1-4516'>\n\t\t\t\tDinkenterprise a Alpha Espai Coworking\n\t\t\t\t<\/figcaption><\/figure>\n\t\t<\/div>\n\n","protected":false},"excerpt":{"rendered":"<p>Qu\u00e8 pensem del futur als 16 anys? Potser molts dels joves es basen en l&#8217;exemple que tenen a casa seva, per\u00f2 \u00e9s tamb\u00e9 responsabilitat de la societat fomentar i donar a con\u00e8ixer l&#8217;esperit emprenedor als joves. Obrir la mentalitat dels joves a la possibilitat d&#8217;escollir un futur professional que no sigui una traject\u00f2ria professional com [&hellip;]<\/p>\n","protected":false},"author":34,"featured_media":0,"comment_status":"open","ping_status":"closed","sticky":false,"template":"","format":"standard","meta":{"footnotes":""},"categories":[46],"tags":[143,144,171,172,118],"class_list":["post-4520","post","type-post","status-publish","format-standard","hentry","category-blog-ca","tag-coworking-ca-3","tag-emprendedores-ca","tag-innovacio","tag-jovesemprenedors","tag-emprenedors-ca-2"],"yoast_head":"<!-- This site is optimized with the Yoast SEO plugin v27.5 - https:\/\/yoast.com\/product\/yoast-seo-wordpress\/ -->\n<title>Joves emprenedors - Alpha Espai Coworking<\/title>\n<meta name=\"robots\" content=\"index, follow, max-snippet:-1, max-image-preview:large, max-video-preview:-1\" \/>\n<link rel=\"canonical\" href=\"https:\/\/alphaespai.com\/ca\/joves-emprenedors\/\" \/>\n<meta property=\"og:locale\" content=\"ca_ES\" \/>\n<meta property=\"og:type\" content=\"article\" \/>\n<meta property=\"og:title\" content=\"Joves emprenedors - Alpha Espai Coworking\" \/>\n<meta property=\"og:description\" content=\"Qu\u00e8 pensem del futur als 16 anys? Potser molts dels joves es basen en l&#8217;exemple que tenen a casa seva, per\u00f2 \u00e9s tamb\u00e9 responsabilitat de la societat fomentar i donar a con\u00e8ixer l&#8217;esperit emprenedor als joves. Obrir la mentalitat dels joves a la possibilitat d&#8217;escollir un futur professional que no sigui una traject\u00f2ria professional com [&hellip;]\" \/>\n<meta property=\"og:url\" content=\"https:\/\/alphaespai.com\/ca\/joves-emprenedors\/\" \/>\n<meta property=\"og:site_name\" content=\"Alpha Espai Coworking\" \/>\n<meta property=\"article:published_time\" content=\"2015-08-07T13:21:12+00:00\" \/>\n<meta property=\"article:modified_time\" content=\"2015-09-07T13:40:22+00:00\" \/>\n<meta property=\"og:image\" content=\"https:\/\/alphaespai.com\/wp-content\/uploads\/2015\/08\/DSC_0880-150x150.jpg\" \/>\n<meta name=\"author\" content=\"Jordi Silvente\" \/>\n<meta name=\"twitter:label1\" content=\"Escrit per\" \/>\n\t<meta name=\"twitter:data1\" content=\"Jordi Silvente\" \/>\n\t<meta name=\"twitter:label2\" content=\"Temps estimat de lectura\" \/>\n\t<meta name=\"twitter:data2\" content=\"2 minuts\" \/>\n<script type=\"application\/ld+json\" class=\"yoast-schema-graph\">{\"@context\":\"https:\\\/\\\/schema.org\",\"@graph\":[{\"@type\":\"Article\",\"@id\":\"https:\\\/\\\/alphaespai.com\\\/ca\\\/joves-emprenedors\\\/#article\",\"isPartOf\":{\"@id\":\"https:\\\/\\\/alphaespai.com\\\/ca\\\/joves-emprenedors\\\/\"},\"author\":{\"name\":\"Jordi Silvente\",\"@id\":\"https:\\\/\\\/alphaespai.com\\\/ca\\\/#\\\/schema\\\/person\\\/7a54c95fe3662411f9bc61a7b3875757\"},\"headline\":\"Joves emprenedors\",\"datePublished\":\"2015-08-07T13:21:12+00:00\",\"dateModified\":\"2015-09-07T13:40:22+00:00\",\"mainEntityOfPage\":{\"@id\":\"https:\\\/\\\/alphaespai.com\\\/ca\\\/joves-emprenedors\\\/\"},\"wordCount\":323,\"commentCount\":0,\"keywords\":[\"#coworking\",\"#emprendedores\",\"#innovacio\",\"#jovesemprenedors\",\"emprenedors\"],\"articleSection\":[\"Blog\"],\"inLanguage\":\"ca\",\"potentialAction\":[{\"@type\":\"CommentAction\",\"name\":\"Comment\",\"target\":[\"https:\\\/\\\/alphaespai.com\\\/ca\\\/joves-emprenedors\\\/#respond\"]}]},{\"@type\":\"WebPage\",\"@id\":\"https:\\\/\\\/alphaespai.com\\\/ca\\\/joves-emprenedors\\\/\",\"url\":\"https:\\\/\\\/alphaespai.com\\\/ca\\\/joves-emprenedors\\\/\",\"name\":\"Joves emprenedors - Alpha Espai Coworking\",\"isPartOf\":{\"@id\":\"https:\\\/\\\/alphaespai.com\\\/ca\\\/#website\"},\"datePublished\":\"2015-08-07T13:21:12+00:00\",\"dateModified\":\"2015-09-07T13:40:22+00:00\",\"author\":{\"@id\":\"https:\\\/\\\/alphaespai.com\\\/ca\\\/#\\\/schema\\\/person\\\/7a54c95fe3662411f9bc61a7b3875757\"},\"inLanguage\":\"ca\",\"potentialAction\":[{\"@type\":\"ReadAction\",\"target\":[\"https:\\\/\\\/alphaespai.com\\\/ca\\\/joves-emprenedors\\\/\"]}]},{\"@type\":\"WebSite\",\"@id\":\"https:\\\/\\\/alphaespai.com\\\/ca\\\/#website\",\"url\":\"https:\\\/\\\/alphaespai.com\\\/ca\\\/\",\"name\":\"Alpha Espai Coworking\",\"description\":\"Espai de Coworking a Barcelona\",\"potentialAction\":[{\"@type\":\"SearchAction\",\"target\":{\"@type\":\"EntryPoint\",\"urlTemplate\":\"https:\\\/\\\/alphaespai.com\\\/ca\\\/?s={search_term_string}\"},\"query-input\":{\"@type\":\"PropertyValueSpecification\",\"valueRequired\":true,\"valueName\":\"search_term_string\"}}],\"inLanguage\":\"ca\"},{\"@type\":\"Person\",\"@id\":\"https:\\\/\\\/alphaespai.com\\\/ca\\\/#\\\/schema\\\/person\\\/7a54c95fe3662411f9bc61a7b3875757\",\"name\":\"Jordi Silvente\",\"image\":{\"@type\":\"ImageObject\",\"inLanguage\":\"ca\",\"@id\":\"https:\\\/\\\/secure.gravatar.com\\\/avatar\\\/3e62d1a33729936e1b5ed0b7452ba68de85677574466df96ba46ab1152cdcba3?s=96&d=mm&r=g\",\"url\":\"https:\\\/\\\/secure.gravatar.com\\\/avatar\\\/3e62d1a33729936e1b5ed0b7452ba68de85677574466df96ba46ab1152cdcba3?s=96&d=mm&r=g\",\"contentUrl\":\"https:\\\/\\\/secure.gravatar.com\\\/avatar\\\/3e62d1a33729936e1b5ed0b7452ba68de85677574466df96ba46ab1152cdcba3?s=96&d=mm&r=g\",\"caption\":\"Jordi Silvente\"},\"url\":\"https:\\\/\\\/alphaespai.com\\\/ca\\\/author\\\/admin\\\/\"}]}<\/script>\n<!-- \/ Yoast SEO plugin. -->","yoast_head_json":{"title":"Joves emprenedors - Alpha Espai Coworking","robots":{"index":"index","follow":"follow","max-snippet":"max-snippet:-1","max-image-preview":"max-image-preview:large","max-video-preview":"max-video-preview:-1"},"canonical":"https:\/\/alphaespai.com\/ca\/joves-emprenedors\/","og_locale":"ca_ES","og_type":"article","og_title":"Joves emprenedors - Alpha Espai Coworking","og_description":"Qu\u00e8 pensem del futur als 16 anys? Potser molts dels joves es basen en l&#8217;exemple que tenen a casa seva, per\u00f2 \u00e9s tamb\u00e9 responsabilitat de la societat fomentar i donar a con\u00e8ixer l&#8217;esperit emprenedor als joves. Obrir la mentalitat dels joves a la possibilitat d&#8217;escollir un futur professional que no sigui una traject\u00f2ria professional com [&hellip;]","og_url":"https:\/\/alphaespai.com\/ca\/joves-emprenedors\/","og_site_name":"Alpha Espai Coworking","article_published_time":"2015-08-07T13:21:12+00:00","article_modified_time":"2015-09-07T13:40:22+00:00","og_image":[{"url":"https:\/\/alphaespai.com\/wp-content\/uploads\/2015\/08\/DSC_0880-150x150.jpg","type":"","width":"","height":""}],"author":"Jordi Silvente","twitter_misc":{"Escrit per":"Jordi Silvente","Temps estimat de lectura":"2 minuts"},"schema":{"@context":"https:\/\/schema.org","@graph":[{"@type":"Article","@id":"https:\/\/alphaespai.com\/ca\/joves-emprenedors\/#article","isPartOf":{"@id":"https:\/\/alphaespai.com\/ca\/joves-emprenedors\/"},"author":{"name":"Jordi Silvente","@id":"https:\/\/alphaespai.com\/ca\/#\/schema\/person\/7a54c95fe3662411f9bc61a7b3875757"},"headline":"Joves emprenedors","datePublished":"2015-08-07T13:21:12+00:00","dateModified":"2015-09-07T13:40:22+00:00","mainEntityOfPage":{"@id":"https:\/\/alphaespai.com\/ca\/joves-emprenedors\/"},"wordCount":323,"commentCount":0,"keywords":["#coworking","#emprendedores","#innovacio","#jovesemprenedors","emprenedors"],"articleSection":["Blog"],"inLanguage":"ca","potentialAction":[{"@type":"CommentAction","name":"Comment","target":["https:\/\/alphaespai.com\/ca\/joves-emprenedors\/#respond"]}]},{"@type":"WebPage","@id":"https:\/\/alphaespai.com\/ca\/joves-emprenedors\/","url":"https:\/\/alphaespai.com\/ca\/joves-emprenedors\/","name":"Joves emprenedors - Alpha Espai Coworking","isPartOf":{"@id":"https:\/\/alphaespai.com\/ca\/#website"},"datePublished":"2015-08-07T13:21:12+00:00","dateModified":"2015-09-07T13:40:22+00:00","author":{"@id":"https:\/\/alphaespai.com\/ca\/#\/schema\/person\/7a54c95fe3662411f9bc61a7b3875757"},"inLanguage":"ca","potentialAction":[{"@type":"ReadAction","target":["https:\/\/alphaespai.com\/ca\/joves-emprenedors\/"]}]},{"@type":"WebSite","@id":"https:\/\/alphaespai.com\/ca\/#website","url":"https:\/\/alphaespai.com\/ca\/","name":"Alpha Espai Coworking","description":"Espai de Coworking a Barcelona","potentialAction":[{"@type":"SearchAction","target":{"@type":"EntryPoint","urlTemplate":"https:\/\/alphaespai.com\/ca\/?s={search_term_string}"},"query-input":{"@type":"PropertyValueSpecification","valueRequired":true,"valueName":"search_term_string"}}],"inLanguage":"ca"},{"@type":"Person","@id":"https:\/\/alphaespai.com\/ca\/#\/schema\/person\/7a54c95fe3662411f9bc61a7b3875757","name":"Jordi Silvente","image":{"@type":"ImageObject","inLanguage":"ca","@id":"https:\/\/secure.gravatar.com\/avatar\/3e62d1a33729936e1b5ed0b7452ba68de85677574466df96ba46ab1152cdcba3?s=96&d=mm&r=g","url":"https:\/\/secure.gravatar.com\/avatar\/3e62d1a33729936e1b5ed0b7452ba68de85677574466df96ba46ab1152cdcba3?s=96&d=mm&r=g","contentUrl":"https:\/\/secure.gravatar.com\/avatar\/3e62d1a33729936e1b5ed0b7452ba68de85677574466df96ba46ab1152cdcba3?s=96&d=mm&r=g","caption":"Jordi Silvente"},"url":"https:\/\/alphaespai.com\/ca\/author\/admin\/"}]}},"_links":{"self":[{"href":"https:\/\/alphaespai.com\/ca\/wp-json\/wp\/v2\/posts\/4520","targetHints":{"allow":["GET"]}}],"collection":[{"href":"https:\/\/alphaespai.com\/ca\/wp-json\/wp\/v2\/posts"}],"about":[{"href":"https:\/\/alphaespai.com\/ca\/wp-json\/wp\/v2\/types\/post"}],"author":[{"embeddable":true,"href":"https:\/\/alphaespai.com\/ca\/wp-json\/wp\/v2\/users\/34"}],"replies":[{"embeddable":true,"href":"https:\/\/alphaespai.com\/ca\/wp-json\/wp\/v2\/comments?post=4520"}],"version-history":[{"count":0,"href":"https:\/\/alphaespai.com\/ca\/wp-json\/wp\/v2\/posts\/4520\/revisions"}],"wp:attachment":[{"href":"https:\/\/alphaespai.com\/ca\/wp-json\/wp\/v2\/media?parent=4520"}],"wp:term":[{"taxonomy":"category","embeddable":true,"href":"https:\/\/alphaespai.com\/ca\/wp-json\/wp\/v2\/categories?post=4520"},{"taxonomy":"post_tag","embeddable":true,"href":"https:\/\/alphaespai.com\/ca\/wp-json\/wp\/v2\/tags?post=4520"}],"curies":[{"name":"wp","href":"https:\/\/api.w.org\/{rel}","templated":true}]}}