{"id":4639,"date":"2016-03-03T15:57:48","date_gmt":"2016-03-03T15:57:48","guid":{"rendered":"https:\/\/alphaespai.com\/tarde-de-mujeres-emprendedoras-2\/"},"modified":"2016-03-11T17:08:18","modified_gmt":"2016-03-11T17:08:18","slug":"tarde-de-mujeres-emprendedoras","status":"publish","type":"post","link":"https:\/\/alphaespai.com\/ca\/tarde-de-mujeres-emprendedoras\/","title":{"rendered":"TARDA DE DONES EMPRENEDORES"},"content":{"rendered":"<h3><strong><span style=\"color: #339966;\">Emprenedoria femenina, un exemple d&#8217;\u00e8xit<\/span><\/strong><\/h3>\n<h3><span style=\"color: #339966;\"><b><i>Dimecres, 9 de mar\u00e7, 18:00<\/i><\/b><\/span><\/h3>\n<h3><b style=\"color: #339966;\"><i>Places\u00a0<\/i><\/b><b style=\"color: #339966;\"><i>limitades.\u00a0<\/i><\/b><b><i><span style=\"color: #339966;\">Registre\u00a0d&#8217;assist\u00e8ncia\u00a0a:<\/span><\/i><\/b><\/h3>\n<p><a href=\"http:\/\/www.meetup.com\/es-ES\/Mujeres-emprendedoras-Barcelona\/events\/229265134\/?eventId=229265134\" target=\"_blank\"><img decoding=\"async\" class=\"alignnone  wp-image-4632\" src=\"https:\/\/alphaespai.com\/wp-content\/uploads\/2016\/03\/baixa.jpg\" alt=\"baixa\" width=\"53\" height=\"36\" \/><\/a>\u00a0 \u00a0 \u00a0 \u00a0 \u00a0 \u00a0<a href=\"http:\/\/www.uolala.com\/quedada\/7-tarde-de-mujeres-emprendedoras-62505\" target=\"_blank\"><img decoding=\"async\" class=\"alignnone  wp-image-4633\" src=\"https:\/\/alphaespai.com\/wp-content\/uploads\/2016\/03\/baixa-300x103.png\" alt=\"baixa\" width=\"114\" height=\"39\" srcset=\"https:\/\/alphaespai.com\/wp-content\/uploads\/2016\/03\/baixa-300x103.png 300w, https:\/\/alphaespai.com\/wp-content\/uploads\/2016\/03\/baixa.png 383w\" sizes=\"(max-width: 114px) 100vw, 114px\" \/><\/a><\/p>\n<p><span style=\"color: #339966;\"><b><i>ALPHA ESPAI <\/i><\/b><b><i>Coworking<\/i><\/b><b><i>\u00a0 c\/ Pere IV, 214\u00a0<\/i><\/b><b><i>(<\/i><\/b><b><i>entrada per p<\/i><\/b><b><i>assatge<\/i><\/b> <b><i>Bosc<\/i><\/b><b><i> i <\/i><\/b><b><i>Labr\u00fas<\/i><\/b><b><i>)<\/i><\/b><\/span><\/p>\n<p style=\"text-align: justify;\">El m\u00f3n de l&#8217;empresa no \u00e9s exclusiu per a els homes. Avui en dia aquelles dones que tenen una idea innovadora i amb inquietuds, es posen en marxa i surten al mercat.<\/p>\n<p style=\"text-align: justify;\">Les dificultats que tenim a l&#8217;emprenedoria, no s\u00f3n excusa per a elles en crear una empresa, ja que disposem d&#8217;una gran quantitat de tallers i recursos a disposici\u00f3 d&#8217;aquelles que ho volen intentar i que cerquen la motivaci\u00f3, il\u00b7lusi\u00f3 i decisi\u00f3 que caracteritzen la <strong>dona emprenedora<\/strong>, i que es converteixen en empres\u00e0ries quan arriben a consolidar el seu propi negoci.<\/p>\n<p style=\"text-align: justify;\">I en tots els \u00e0mbits, quan hi ha dificultats, l&#8217;estrat\u00e8gia consisteix a fer servir la <strong>creativitat<\/strong> per transformar-les en oportunitats d&#8217;aprendre i seguir creixent.<\/p>\n<p style=\"text-align: justify;\"><img fetchpriority=\"high\" decoding=\"async\" class=\"  wp-image-4634 alignright\" src=\"https:\/\/alphaespai.com\/wp-content\/uploads\/2016\/03\/Tarde-Mujeres-Emprendedoras_001-212x300.png\" alt=\"Tarde Mujeres Emprendedoras_001\" width=\"300\" height=\"424\" srcset=\"https:\/\/alphaespai.com\/wp-content\/uploads\/2016\/03\/Tarde-Mujeres-Emprendedoras_001-212x300.png 212w, https:\/\/alphaespai.com\/wp-content\/uploads\/2016\/03\/Tarde-Mujeres-Emprendedoras_001.png 595w\" sizes=\"(max-width: 300px) 100vw, 300px\" \/><\/p>\n<p style=\"text-align: justify;\"><span style=\"color: #008000;\"><strong><a href=\"https:\/\/www.facebook.com\/cristina.tomoiaga.9\" target=\"_blank\">Cristina Tomoiaga<\/a>\u00a0<\/strong><\/span>\u00e9s un exemple de tot aix\u00f2. Dona emprenedora, llicenciada en ci\u00e8ncies ambientals, per\u00f2 atrapada en el m\u00f3n de la bellesa i el networking, amb moltes inquietuds i ganes d&#8217;aprendre cr\u00e9ixer i complir somnis.<\/p>\n<p style=\"text-align: justify;\">Per aix\u00f2, cre\u00e0<span style=\"line-height: 1.5;\">\u00a0<\/span><strong style=\"line-height: 1.5;\"><a href=\"http:\/\/www.meetup.com\/es-ES\/Mujeres-emprendedoras-Barcelona\/events\/229265134\/?eventId=229265134\" target=\"_blank\">TARDES DE DONES EMPRENEDORES<\/a><\/strong><span style=\"line-height: 1.5;\">,\u00a0<\/span>tardes de networking amb un contingut de qualitat, ambient professional y amb un esperit de col\u00b7laboraci\u00f3 personal.<\/p>\n<p style=\"text-align: justify;\">Tenim el plaer de rebre el projecte al nostre espai, i ho entenem en un entorn idoni perqu\u00e8 respirin un ambient adequat i inspirador.<\/p>\n<p style=\"text-align: justify;\">Dins l&#8217;entorn <strong>Alpha Espai Coworking<\/strong>, m\u00e9s del 50% dels projectes s\u00f3n liderats per dones i aix\u00f2 \u00e9s un valor que trobem en molts dels espais de <strong>#coworking<\/strong> d&#8217;arreu del m\u00f3n.<\/p>\n<p style=\"text-align: justify;\">Ecosistema <strong>#coworking<\/strong> que no ent\u00e9n de quotes ni prejudicis, sin\u00f3, de talent, <strong>#coneixement<\/strong>, iniciativa, creativitat, <strong>#innovaci\u00f3<\/strong> i capacitat de risc&#8230;conceptes en que les dones tenen molt a dir.<\/p>\n<p style=\"text-align: justify;\"><span style=\"line-height: 1.5;\">Per aix\u00f2, a totes vosaltres us recomanem assistir a l&#8217;esdeveniment de les\u00a0<\/span><strong style=\"line-height: 1.5;\"><a href=\"http:\/\/www.uolala.com\/quedada\/7-tarde-de-mujeres-emprendedoras-62505\" target=\"_blank\">TARDES DE DONES EMPRENEDORES<\/a>,<\/strong><span style=\"line-height: 1.5;\"> liderat per la\u00a0<\/span><span style=\"color: #008000;\"><strong><a href=\"https:\/\/www.facebook.com\/cristina.tomoiaga.9\" target=\"_blank\">Cristina Tomoiaga<\/a><\/strong><\/span><span style=\"line-height: 1.5;\">, el pr\u00f2xim dimecres 8 de mar\u00e7 a l&#8217;ALPHA ESPAI\u00a0 COWORKING.<\/span><\/p>\n<p style=\"text-align: justify;\">\n","protected":false},"excerpt":{"rendered":"<p>Emprenedoria femenina, un exemple d&#8217;\u00e8xit Dimecres, 9 de mar\u00e7, 18:00 Places\u00a0limitades.\u00a0Registre\u00a0d&#8217;assist\u00e8ncia\u00a0a: \u00a0 \u00a0 \u00a0 \u00a0 \u00a0 \u00a0 ALPHA ESPAI Coworking\u00a0 c\/ Pere IV, 214\u00a0(entrada per passatge Bosc i Labr\u00fas) El m\u00f3n de l&#8217;empresa no \u00e9s exclusiu per a els homes. Avui en dia aquelles dones que tenen una idea innovadora i amb inquietuds, es posen [&hellip;]<\/p>\n","protected":false},"author":34,"featured_media":4636,"comment_status":"open","ping_status":"closed","sticky":false,"template":"","format":"standard","meta":{"footnotes":""},"categories":[105],"tags":[178,193,143,144,194,195,196],"class_list":["post-4639","post","type-post","status-publish","format-standard","has-post-thumbnail","hentry","category-esdeveniments","tag-barcelona-ca","tag-comunicacion-ca","tag-coworking-ca-3","tag-emprendedores-ca","tag-freelance-ca","tag-innovacion-ca","tag-startups-ca"],"yoast_head":"<!-- This site is optimized with the Yoast SEO plugin v27.5 - https:\/\/yoast.com\/product\/yoast-seo-wordpress\/ -->\n<title>TARDA DE DONES EMPRENEDORES - Alpha Espai Coworking<\/title>\n<meta name=\"robots\" content=\"index, follow, max-snippet:-1, max-image-preview:large, max-video-preview:-1\" \/>\n<link rel=\"canonical\" href=\"https:\/\/alphaespai.com\/ca\/tarde-de-mujeres-emprendedoras\/\" \/>\n<meta property=\"og:locale\" content=\"ca_ES\" \/>\n<meta property=\"og:type\" content=\"article\" \/>\n<meta property=\"og:title\" content=\"TARDA DE DONES EMPRENEDORES - Alpha Espai Coworking\" \/>\n<meta property=\"og:description\" content=\"Emprenedoria femenina, un exemple d&#8217;\u00e8xit Dimecres, 9 de mar\u00e7, 18:00 Places\u00a0limitades.\u00a0Registre\u00a0d&#8217;assist\u00e8ncia\u00a0a: \u00a0 \u00a0 \u00a0 \u00a0 \u00a0 \u00a0 ALPHA ESPAI Coworking\u00a0 c\/ Pere IV, 214\u00a0(entrada per passatge Bosc i Labr\u00fas) El m\u00f3n de l&#8217;empresa no \u00e9s exclusiu per a els homes. Avui en dia aquelles dones que tenen una idea innovadora i amb inquietuds, es posen [&hellip;]\" \/>\n<meta property=\"og:url\" content=\"https:\/\/alphaespai.com\/ca\/tarde-de-mujeres-emprendedoras\/\" \/>\n<meta property=\"og:site_name\" content=\"Alpha Espai Coworking\" \/>\n<meta property=\"article:published_time\" content=\"2016-03-03T15:57:48+00:00\" \/>\n<meta property=\"article:modified_time\" content=\"2016-03-11T17:08:18+00:00\" \/>\n<meta property=\"og:image\" content=\"https:\/\/alphaespai.com\/wp-content\/uploads\/2016\/03\/BANNER.png\" \/>\n\t<meta property=\"og:image:width\" content=\"1055\" \/>\n\t<meta property=\"og:image:height\" content=\"228\" \/>\n\t<meta property=\"og:image:type\" content=\"image\/png\" \/>\n<meta name=\"author\" content=\"Jordi Silvente\" \/>\n<meta name=\"twitter:label1\" content=\"Escrit per\" \/>\n\t<meta name=\"twitter:data1\" content=\"Jordi Silvente\" \/>\n\t<meta name=\"twitter:label2\" content=\"Temps estimat de lectura\" \/>\n\t<meta name=\"twitter:data2\" content=\"2 minuts\" \/>\n<script type=\"application\/ld+json\" class=\"yoast-schema-graph\">{\"@context\":\"https:\\\/\\\/schema.org\",\"@graph\":[{\"@type\":\"Article\",\"@id\":\"https:\\\/\\\/alphaespai.com\\\/ca\\\/tarde-de-mujeres-emprendedoras\\\/#article\",\"isPartOf\":{\"@id\":\"https:\\\/\\\/alphaespai.com\\\/ca\\\/tarde-de-mujeres-emprendedoras\\\/\"},\"author\":{\"name\":\"Jordi Silvente\",\"@id\":\"https:\\\/\\\/alphaespai.com\\\/ca\\\/#\\\/schema\\\/person\\\/7a54c95fe3662411f9bc61a7b3875757\"},\"headline\":\"TARDA DE DONES EMPRENEDORES\",\"datePublished\":\"2016-03-03T15:57:48+00:00\",\"dateModified\":\"2016-03-11T17:08:18+00:00\",\"mainEntityOfPage\":{\"@id\":\"https:\\\/\\\/alphaespai.com\\\/ca\\\/tarde-de-mujeres-emprendedoras\\\/\"},\"wordCount\":346,\"commentCount\":0,\"image\":{\"@id\":\"https:\\\/\\\/alphaespai.com\\\/ca\\\/tarde-de-mujeres-emprendedoras\\\/#primaryimage\"},\"thumbnailUrl\":\"https:\\\/\\\/alphaespai.com\\\/wp-content\\\/uploads\\\/2016\\\/03\\\/BANNER.png\",\"keywords\":[\"#barcelona\",\"#comunicaci\u00f3n\",\"#coworking\",\"#emprendedores\",\"#freelance\",\"#innovaci\u00f3n\",\"#startups\"],\"articleSection\":[\"Esdeveniments\"],\"inLanguage\":\"ca\",\"potentialAction\":[{\"@type\":\"CommentAction\",\"name\":\"Comment\",\"target\":[\"https:\\\/\\\/alphaespai.com\\\/ca\\\/tarde-de-mujeres-emprendedoras\\\/#respond\"]}]},{\"@type\":\"WebPage\",\"@id\":\"https:\\\/\\\/alphaespai.com\\\/ca\\\/tarde-de-mujeres-emprendedoras\\\/\",\"url\":\"https:\\\/\\\/alphaespai.com\\\/ca\\\/tarde-de-mujeres-emprendedoras\\\/\",\"name\":\"TARDA DE DONES EMPRENEDORES - Alpha Espai Coworking\",\"isPartOf\":{\"@id\":\"https:\\\/\\\/alphaespai.com\\\/ca\\\/#website\"},\"primaryImageOfPage\":{\"@id\":\"https:\\\/\\\/alphaespai.com\\\/ca\\\/tarde-de-mujeres-emprendedoras\\\/#primaryimage\"},\"image\":{\"@id\":\"https:\\\/\\\/alphaespai.com\\\/ca\\\/tarde-de-mujeres-emprendedoras\\\/#primaryimage\"},\"thumbnailUrl\":\"https:\\\/\\\/alphaespai.com\\\/wp-content\\\/uploads\\\/2016\\\/03\\\/BANNER.png\",\"datePublished\":\"2016-03-03T15:57:48+00:00\",\"dateModified\":\"2016-03-11T17:08:18+00:00\",\"author\":{\"@id\":\"https:\\\/\\\/alphaespai.com\\\/ca\\\/#\\\/schema\\\/person\\\/7a54c95fe3662411f9bc61a7b3875757\"},\"inLanguage\":\"ca\",\"potentialAction\":[{\"@type\":\"ReadAction\",\"target\":[\"https:\\\/\\\/alphaespai.com\\\/ca\\\/tarde-de-mujeres-emprendedoras\\\/\"]}]},{\"@type\":\"ImageObject\",\"inLanguage\":\"ca\",\"@id\":\"https:\\\/\\\/alphaespai.com\\\/ca\\\/tarde-de-mujeres-emprendedoras\\\/#primaryimage\",\"url\":\"https:\\\/\\\/alphaespai.com\\\/wp-content\\\/uploads\\\/2016\\\/03\\\/BANNER.png\",\"contentUrl\":\"https:\\\/\\\/alphaespai.com\\\/wp-content\\\/uploads\\\/2016\\\/03\\\/BANNER.png\",\"width\":1055,\"height\":228},{\"@type\":\"WebSite\",\"@id\":\"https:\\\/\\\/alphaespai.com\\\/ca\\\/#website\",\"url\":\"https:\\\/\\\/alphaespai.com\\\/ca\\\/\",\"name\":\"Alpha Espai Coworking\",\"description\":\"Espai de Coworking a Barcelona\",\"potentialAction\":[{\"@type\":\"SearchAction\",\"target\":{\"@type\":\"EntryPoint\",\"urlTemplate\":\"https:\\\/\\\/alphaespai.com\\\/ca\\\/?s={search_term_string}\"},\"query-input\":{\"@type\":\"PropertyValueSpecification\",\"valueRequired\":true,\"valueName\":\"search_term_string\"}}],\"inLanguage\":\"ca\"},{\"@type\":\"Person\",\"@id\":\"https:\\\/\\\/alphaespai.com\\\/ca\\\/#\\\/schema\\\/person\\\/7a54c95fe3662411f9bc61a7b3875757\",\"name\":\"Jordi Silvente\",\"image\":{\"@type\":\"ImageObject\",\"inLanguage\":\"ca\",\"@id\":\"https:\\\/\\\/secure.gravatar.com\\\/avatar\\\/3e62d1a33729936e1b5ed0b7452ba68de85677574466df96ba46ab1152cdcba3?s=96&d=mm&r=g\",\"url\":\"https:\\\/\\\/secure.gravatar.com\\\/avatar\\\/3e62d1a33729936e1b5ed0b7452ba68de85677574466df96ba46ab1152cdcba3?s=96&d=mm&r=g\",\"contentUrl\":\"https:\\\/\\\/secure.gravatar.com\\\/avatar\\\/3e62d1a33729936e1b5ed0b7452ba68de85677574466df96ba46ab1152cdcba3?s=96&d=mm&r=g\",\"caption\":\"Jordi Silvente\"},\"url\":\"https:\\\/\\\/alphaespai.com\\\/ca\\\/author\\\/admin\\\/\"}]}<\/script>\n<!-- \/ Yoast SEO plugin. -->","yoast_head_json":{"title":"TARDA DE DONES EMPRENEDORES - Alpha Espai Coworking","robots":{"index":"index","follow":"follow","max-snippet":"max-snippet:-1","max-image-preview":"max-image-preview:large","max-video-preview":"max-video-preview:-1"},"canonical":"https:\/\/alphaespai.com\/ca\/tarde-de-mujeres-emprendedoras\/","og_locale":"ca_ES","og_type":"article","og_title":"TARDA DE DONES EMPRENEDORES - Alpha Espai Coworking","og_description":"Emprenedoria femenina, un exemple d&#8217;\u00e8xit Dimecres, 9 de mar\u00e7, 18:00 Places\u00a0limitades.\u00a0Registre\u00a0d&#8217;assist\u00e8ncia\u00a0a: \u00a0 \u00a0 \u00a0 \u00a0 \u00a0 \u00a0 ALPHA ESPAI Coworking\u00a0 c\/ Pere IV, 214\u00a0(entrada per passatge Bosc i Labr\u00fas) El m\u00f3n de l&#8217;empresa no \u00e9s exclusiu per a els homes. Avui en dia aquelles dones que tenen una idea innovadora i amb inquietuds, es posen [&hellip;]","og_url":"https:\/\/alphaespai.com\/ca\/tarde-de-mujeres-emprendedoras\/","og_site_name":"Alpha Espai Coworking","article_published_time":"2016-03-03T15:57:48+00:00","article_modified_time":"2016-03-11T17:08:18+00:00","og_image":[{"width":1055,"height":228,"url":"https:\/\/alphaespai.com\/wp-content\/uploads\/2016\/03\/BANNER.png","type":"image\/png"}],"author":"Jordi Silvente","twitter_misc":{"Escrit per":"Jordi Silvente","Temps estimat de lectura":"2 minuts"},"schema":{"@context":"https:\/\/schema.org","@graph":[{"@type":"Article","@id":"https:\/\/alphaespai.com\/ca\/tarde-de-mujeres-emprendedoras\/#article","isPartOf":{"@id":"https:\/\/alphaespai.com\/ca\/tarde-de-mujeres-emprendedoras\/"},"author":{"name":"Jordi Silvente","@id":"https:\/\/alphaespai.com\/ca\/#\/schema\/person\/7a54c95fe3662411f9bc61a7b3875757"},"headline":"TARDA DE DONES EMPRENEDORES","datePublished":"2016-03-03T15:57:48+00:00","dateModified":"2016-03-11T17:08:18+00:00","mainEntityOfPage":{"@id":"https:\/\/alphaespai.com\/ca\/tarde-de-mujeres-emprendedoras\/"},"wordCount":346,"commentCount":0,"image":{"@id":"https:\/\/alphaespai.com\/ca\/tarde-de-mujeres-emprendedoras\/#primaryimage"},"thumbnailUrl":"https:\/\/alphaespai.com\/wp-content\/uploads\/2016\/03\/BANNER.png","keywords":["#barcelona","#comunicaci\u00f3n","#coworking","#emprendedores","#freelance","#innovaci\u00f3n","#startups"],"articleSection":["Esdeveniments"],"inLanguage":"ca","potentialAction":[{"@type":"CommentAction","name":"Comment","target":["https:\/\/alphaespai.com\/ca\/tarde-de-mujeres-emprendedoras\/#respond"]}]},{"@type":"WebPage","@id":"https:\/\/alphaespai.com\/ca\/tarde-de-mujeres-emprendedoras\/","url":"https:\/\/alphaespai.com\/ca\/tarde-de-mujeres-emprendedoras\/","name":"TARDA DE DONES EMPRENEDORES - Alpha Espai Coworking","isPartOf":{"@id":"https:\/\/alphaespai.com\/ca\/#website"},"primaryImageOfPage":{"@id":"https:\/\/alphaespai.com\/ca\/tarde-de-mujeres-emprendedoras\/#primaryimage"},"image":{"@id":"https:\/\/alphaespai.com\/ca\/tarde-de-mujeres-emprendedoras\/#primaryimage"},"thumbnailUrl":"https:\/\/alphaespai.com\/wp-content\/uploads\/2016\/03\/BANNER.png","datePublished":"2016-03-03T15:57:48+00:00","dateModified":"2016-03-11T17:08:18+00:00","author":{"@id":"https:\/\/alphaespai.com\/ca\/#\/schema\/person\/7a54c95fe3662411f9bc61a7b3875757"},"inLanguage":"ca","potentialAction":[{"@type":"ReadAction","target":["https:\/\/alphaespai.com\/ca\/tarde-de-mujeres-emprendedoras\/"]}]},{"@type":"ImageObject","inLanguage":"ca","@id":"https:\/\/alphaespai.com\/ca\/tarde-de-mujeres-emprendedoras\/#primaryimage","url":"https:\/\/alphaespai.com\/wp-content\/uploads\/2016\/03\/BANNER.png","contentUrl":"https:\/\/alphaespai.com\/wp-content\/uploads\/2016\/03\/BANNER.png","width":1055,"height":228},{"@type":"WebSite","@id":"https:\/\/alphaespai.com\/ca\/#website","url":"https:\/\/alphaespai.com\/ca\/","name":"Alpha Espai Coworking","description":"Espai de Coworking a Barcelona","potentialAction":[{"@type":"SearchAction","target":{"@type":"EntryPoint","urlTemplate":"https:\/\/alphaespai.com\/ca\/?s={search_term_string}"},"query-input":{"@type":"PropertyValueSpecification","valueRequired":true,"valueName":"search_term_string"}}],"inLanguage":"ca"},{"@type":"Person","@id":"https:\/\/alphaespai.com\/ca\/#\/schema\/person\/7a54c95fe3662411f9bc61a7b3875757","name":"Jordi Silvente","image":{"@type":"ImageObject","inLanguage":"ca","@id":"https:\/\/secure.gravatar.com\/avatar\/3e62d1a33729936e1b5ed0b7452ba68de85677574466df96ba46ab1152cdcba3?s=96&d=mm&r=g","url":"https:\/\/secure.gravatar.com\/avatar\/3e62d1a33729936e1b5ed0b7452ba68de85677574466df96ba46ab1152cdcba3?s=96&d=mm&r=g","contentUrl":"https:\/\/secure.gravatar.com\/avatar\/3e62d1a33729936e1b5ed0b7452ba68de85677574466df96ba46ab1152cdcba3?s=96&d=mm&r=g","caption":"Jordi Silvente"},"url":"https:\/\/alphaespai.com\/ca\/author\/admin\/"}]}},"_links":{"self":[{"href":"https:\/\/alphaespai.com\/ca\/wp-json\/wp\/v2\/posts\/4639","targetHints":{"allow":["GET"]}}],"collection":[{"href":"https:\/\/alphaespai.com\/ca\/wp-json\/wp\/v2\/posts"}],"about":[{"href":"https:\/\/alphaespai.com\/ca\/wp-json\/wp\/v2\/types\/post"}],"author":[{"embeddable":true,"href":"https:\/\/alphaespai.com\/ca\/wp-json\/wp\/v2\/users\/34"}],"replies":[{"embeddable":true,"href":"https:\/\/alphaespai.com\/ca\/wp-json\/wp\/v2\/comments?post=4639"}],"version-history":[{"count":0,"href":"https:\/\/alphaespai.com\/ca\/wp-json\/wp\/v2\/posts\/4639\/revisions"}],"wp:featuredmedia":[{"embeddable":true,"href":"https:\/\/alphaespai.com\/ca\/wp-json\/wp\/v2\/media\/4636"}],"wp:attachment":[{"href":"https:\/\/alphaespai.com\/ca\/wp-json\/wp\/v2\/media?parent=4639"}],"wp:term":[{"taxonomy":"category","embeddable":true,"href":"https:\/\/alphaespai.com\/ca\/wp-json\/wp\/v2\/categories?post=4639"},{"taxonomy":"post_tag","embeddable":true,"href":"https:\/\/alphaespai.com\/ca\/wp-json\/wp\/v2\/tags?post=4639"}],"curies":[{"name":"wp","href":"https:\/\/api.w.org\/{rel}","templated":true}]}}