{"id":4777,"date":"2016-04-23T14:55:20","date_gmt":"2016-04-23T14:55:20","guid":{"rendered":"https:\/\/alphaespai.com\/?p=4777"},"modified":"2016-05-03T07:08:12","modified_gmt":"2016-05-03T07:08:12","slug":"llibres-i-coworking-coemprender-el-poder-del-grupo","status":"publish","type":"post","link":"https:\/\/alphaespai.com\/ca\/llibres-i-coworking-coemprender-el-poder-del-grupo\/","title":{"rendered":"#LLibres i #coworking: Coemprender, el poder del grupo"},"content":{"rendered":"<p style=\"text-align: justify;\">Tenim el plaer de poder fer la presentaci\u00f3 del llibre &#8220;Coemprender, el poder del grupo&#8221;, del <strong><a href=\"http:\/\/www.omneom.es\/\" target=\"_blank\">C\u00e8sar LLorente<\/a><\/strong>.<\/p>\n<p style=\"text-align: justify;\">LLibre del qual tenim la fortuna d&#8217;haber sigut part del seu contingut, dons tant el <strong><a href=\"https:\/\/www.linkedin.com\/in\/jordi-silvente-28742222?\" target=\"_blank\">@jordisilvente<\/a><\/strong>, co-fundador d&#8217;Alpha Espai, com d&#8217;altres <strong><span style=\"color: #008000;\">#coworkers<\/span><\/strong> han sigut protagonistes per passar pel programa.<\/p>\n<p style=\"text-align: justify;\">Per com \u00e9s el C\u00e9sar i per com tenen plantejat el programa del &#8220;Entrena&#8217;t per empendre&#8221;, un dels programes m\u00e9s consistents i demandats de les propostes formadores de <strong><a href=\"http:\/\/www.barcelonactiva.cat\/barcelonactiva\/cat\/\" target=\"_blank\">@BarcelonActiva<\/a><\/strong> , el llibre \u00e9s una suma d&#8217;experi\u00e8ncies personals i de hist\u00f2ries emprenedores, de segur, no totes han acabat en un projecte d&#8217;\u00e8xit, per\u00f2 si moltes han fet trobar als participants el moment professional real on estaven, i aquest m\u00e8rit \u00e9s del C\u00e8sar i el seu equip.<\/p>\n<p style=\"text-align: justify;\">Aprofitant els dies de <span style=\"color: #008000;\"><strong>#SantJordi2016<\/strong><\/span> , us convidem a venir i a escoltar el <strong><span style=\"color: #008000;\">#llibre<\/span><\/strong> i, de pas, a passar una bona estona.<\/p>\n<p style=\"text-align: justify;\">Fins dimecres!<\/p>\n<p style=\"text-align: justify;\">Registra&#8217;t gratu\u00eftament a:<img fetchpriority=\"high\" decoding=\"async\" class=\"  wp-image-4780 alignright\" src=\"https:\/\/alphaespai.com\/wp-content\/uploads\/2016\/04\/2016_04_27-C\u00e9sar-Llorente_Catal\u00e0_001-177x250.png\" alt=\"2016_04_27  C\u00e9sar Llorente_Catal\u00e0_001\" width=\"225\" height=\"317\" srcset=\"https:\/\/alphaespai.com\/wp-content\/uploads\/2016\/04\/2016_04_27-C\u00e9sar-Llorente_Catal\u00e0_001-177x250.png 177w, https:\/\/alphaespai.com\/wp-content\/uploads\/2016\/04\/2016_04_27-C\u00e9sar-Llorente_Catal\u00e0_001-106x150.png 106w, https:\/\/alphaespai.com\/wp-content\/uploads\/2016\/04\/2016_04_27-C\u00e9sar-Llorente_Catal\u00e0_001.png 595w\" sizes=\"(max-width: 225px) 100vw, 225px\" \/><\/p>\n<p style=\"text-align: justify;\"><a href=\"https:\/\/www.eventbrite.es\/e\/entradas-libros-y-coworking-coemprender-el-poder-del-grupo-24891220310\" target=\"_blank\"><img decoding=\"async\" class=\"alignnone  wp-image-4725\" src=\"https:\/\/alphaespai.com\/wp-content\/uploads\/2016\/03\/baixa1-250x53.png\" alt=\"baixa\" width=\"123\" height=\"26\" srcset=\"https:\/\/alphaespai.com\/wp-content\/uploads\/2016\/03\/baixa1-250x53.png 250w, https:\/\/alphaespai.com\/wp-content\/uploads\/2016\/03\/baixa1-150x32.png 150w, https:\/\/alphaespai.com\/wp-content\/uploads\/2016\/03\/baixa1.png 490w\" sizes=\"(max-width: 123px) 100vw, 123px\" \/><\/a>\u00a0 \u00a0 \u00a0 \u00a0<a href=\"http:\/\/quedamus.com\/es\/eventos-networking\/libros-y-coworking-coemprender-el-poder-del-grupo-barcelona?referral=4871\" target=\"_blank\"><img decoding=\"async\" class=\"alignnone  wp-image-4724\" src=\"https:\/\/alphaespai.com\/wp-content\/uploads\/2016\/03\/baixa-1-250x61.png\" alt=\"baixa (1)\" width=\"119\" height=\"29\" srcset=\"https:\/\/alphaespai.com\/wp-content\/uploads\/2016\/03\/baixa-1-250x61.png 250w, https:\/\/alphaespai.com\/wp-content\/uploads\/2016\/03\/baixa-1-150x37.png 150w, https:\/\/alphaespai.com\/wp-content\/uploads\/2016\/03\/baixa-1.png 455w\" sizes=\"(max-width: 119px) 100vw, 119px\" \/><\/a><\/p>\n<p>&nbsp;<\/p>\n","protected":false},"excerpt":{"rendered":"<p>Tenim el plaer de poder fer la presentaci\u00f3 del llibre &#8220;Coemprender, el poder del grupo&#8221;, del C\u00e8sar LLorente. LLibre del qual tenim la fortuna d&#8217;haber sigut part del seu contingut, dons tant el @jordisilvente, co-fundador d&#8217;Alpha Espai, com d&#8217;altres #coworkers han sigut protagonistes per passar pel programa. Per com \u00e9s el C\u00e9sar i per com [&hellip;]<\/p>\n","protected":false},"author":34,"featured_media":4778,"comment_status":"open","ping_status":"closed","sticky":false,"template":"","format":"standard","meta":{"footnotes":""},"categories":[105],"tags":[237,236,235,234],"class_list":["post-4777","post","type-post","status-publish","format-standard","has-post-thumbnail","hentry","category-esdeveniments","tag-col-laboracio","tag-emprendre","tag-llibresicoworking","tag-santjordi2016"],"yoast_head":"<!-- This site is optimized with the Yoast SEO plugin v27.5 - https:\/\/yoast.com\/product\/yoast-seo-wordpress\/ -->\n<title>#LLibres i #coworking: Coemprender, el poder del grupo - Alpha Espai Coworking<\/title>\n<meta name=\"robots\" content=\"index, follow, max-snippet:-1, max-image-preview:large, max-video-preview:-1\" \/>\n<link rel=\"canonical\" href=\"https:\/\/alphaespai.com\/ca\/llibres-i-coworking-coemprender-el-poder-del-grupo\/\" \/>\n<meta property=\"og:locale\" content=\"ca_ES\" \/>\n<meta property=\"og:type\" content=\"article\" \/>\n<meta property=\"og:title\" content=\"#LLibres i #coworking: Coemprender, el poder del grupo - Alpha Espai Coworking\" \/>\n<meta property=\"og:description\" content=\"Tenim el plaer de poder fer la presentaci\u00f3 del llibre &#8220;Coemprender, el poder del grupo&#8221;, del C\u00e8sar LLorente. LLibre del qual tenim la fortuna d&#8217;haber sigut part del seu contingut, dons tant el @jordisilvente, co-fundador d&#8217;Alpha Espai, com d&#8217;altres #coworkers han sigut protagonistes per passar pel programa. Per com \u00e9s el C\u00e9sar i per com [&hellip;]\" \/>\n<meta property=\"og:url\" content=\"https:\/\/alphaespai.com\/ca\/llibres-i-coworking-coemprender-el-poder-del-grupo\/\" \/>\n<meta property=\"og:site_name\" content=\"Alpha Espai Coworking\" \/>\n<meta property=\"article:published_time\" content=\"2016-04-23T14:55:20+00:00\" \/>\n<meta property=\"article:modified_time\" content=\"2016-05-03T07:08:12+00:00\" \/>\n<meta property=\"og:image\" content=\"https:\/\/alphaespai.com\/wp-content\/uploads\/2016\/04\/Imagen2.png\" \/>\n\t<meta property=\"og:image:width\" content=\"564\" \/>\n\t<meta property=\"og:image:height\" content=\"289\" \/>\n\t<meta property=\"og:image:type\" content=\"image\/png\" \/>\n<meta name=\"author\" content=\"Jordi Silvente\" \/>\n<meta name=\"twitter:label1\" content=\"Escrit per\" \/>\n\t<meta name=\"twitter:data1\" content=\"Jordi Silvente\" \/>\n\t<meta name=\"twitter:label2\" content=\"Temps estimat de lectura\" \/>\n\t<meta name=\"twitter:data2\" content=\"1 minut\" \/>\n<script type=\"application\/ld+json\" class=\"yoast-schema-graph\">{\"@context\":\"https:\\\/\\\/schema.org\",\"@graph\":[{\"@type\":\"Article\",\"@id\":\"https:\\\/\\\/alphaespai.com\\\/ca\\\/llibres-i-coworking-coemprender-el-poder-del-grupo\\\/#article\",\"isPartOf\":{\"@id\":\"https:\\\/\\\/alphaespai.com\\\/ca\\\/llibres-i-coworking-coemprender-el-poder-del-grupo\\\/\"},\"author\":{\"name\":\"Jordi Silvente\",\"@id\":\"https:\\\/\\\/alphaespai.com\\\/ca\\\/#\\\/schema\\\/person\\\/7a54c95fe3662411f9bc61a7b3875757\"},\"headline\":\"#LLibres i #coworking: Coemprender, el poder del grupo\",\"datePublished\":\"2016-04-23T14:55:20+00:00\",\"dateModified\":\"2016-05-03T07:08:12+00:00\",\"mainEntityOfPage\":{\"@id\":\"https:\\\/\\\/alphaespai.com\\\/ca\\\/llibres-i-coworking-coemprender-el-poder-del-grupo\\\/\"},\"wordCount\":172,\"commentCount\":0,\"image\":{\"@id\":\"https:\\\/\\\/alphaespai.com\\\/ca\\\/llibres-i-coworking-coemprender-el-poder-del-grupo\\\/#primaryimage\"},\"thumbnailUrl\":\"https:\\\/\\\/alphaespai.com\\\/wp-content\\\/uploads\\\/2016\\\/04\\\/Imagen2.png\",\"keywords\":[\"#col.laboraci\u00f3\",\"#emprendre\",\"#llibresicoworking\",\"#santjordi2016\"],\"articleSection\":[\"Esdeveniments\"],\"inLanguage\":\"ca\",\"potentialAction\":[{\"@type\":\"CommentAction\",\"name\":\"Comment\",\"target\":[\"https:\\\/\\\/alphaespai.com\\\/ca\\\/llibres-i-coworking-coemprender-el-poder-del-grupo\\\/#respond\"]}]},{\"@type\":\"WebPage\",\"@id\":\"https:\\\/\\\/alphaespai.com\\\/ca\\\/llibres-i-coworking-coemprender-el-poder-del-grupo\\\/\",\"url\":\"https:\\\/\\\/alphaespai.com\\\/ca\\\/llibres-i-coworking-coemprender-el-poder-del-grupo\\\/\",\"name\":\"#LLibres i #coworking: Coemprender, el poder del grupo - Alpha Espai Coworking\",\"isPartOf\":{\"@id\":\"https:\\\/\\\/alphaespai.com\\\/ca\\\/#website\"},\"primaryImageOfPage\":{\"@id\":\"https:\\\/\\\/alphaespai.com\\\/ca\\\/llibres-i-coworking-coemprender-el-poder-del-grupo\\\/#primaryimage\"},\"image\":{\"@id\":\"https:\\\/\\\/alphaespai.com\\\/ca\\\/llibres-i-coworking-coemprender-el-poder-del-grupo\\\/#primaryimage\"},\"thumbnailUrl\":\"https:\\\/\\\/alphaespai.com\\\/wp-content\\\/uploads\\\/2016\\\/04\\\/Imagen2.png\",\"datePublished\":\"2016-04-23T14:55:20+00:00\",\"dateModified\":\"2016-05-03T07:08:12+00:00\",\"author\":{\"@id\":\"https:\\\/\\\/alphaespai.com\\\/ca\\\/#\\\/schema\\\/person\\\/7a54c95fe3662411f9bc61a7b3875757\"},\"inLanguage\":\"ca\",\"potentialAction\":[{\"@type\":\"ReadAction\",\"target\":[\"https:\\\/\\\/alphaespai.com\\\/ca\\\/llibres-i-coworking-coemprender-el-poder-del-grupo\\\/\"]}]},{\"@type\":\"ImageObject\",\"inLanguage\":\"ca\",\"@id\":\"https:\\\/\\\/alphaespai.com\\\/ca\\\/llibres-i-coworking-coemprender-el-poder-del-grupo\\\/#primaryimage\",\"url\":\"https:\\\/\\\/alphaespai.com\\\/wp-content\\\/uploads\\\/2016\\\/04\\\/Imagen2.png\",\"contentUrl\":\"https:\\\/\\\/alphaespai.com\\\/wp-content\\\/uploads\\\/2016\\\/04\\\/Imagen2.png\",\"width\":564,\"height\":289},{\"@type\":\"WebSite\",\"@id\":\"https:\\\/\\\/alphaespai.com\\\/ca\\\/#website\",\"url\":\"https:\\\/\\\/alphaespai.com\\\/ca\\\/\",\"name\":\"Alpha Espai Coworking\",\"description\":\"Espai de Coworking a Barcelona\",\"potentialAction\":[{\"@type\":\"SearchAction\",\"target\":{\"@type\":\"EntryPoint\",\"urlTemplate\":\"https:\\\/\\\/alphaespai.com\\\/ca\\\/?s={search_term_string}\"},\"query-input\":{\"@type\":\"PropertyValueSpecification\",\"valueRequired\":true,\"valueName\":\"search_term_string\"}}],\"inLanguage\":\"ca\"},{\"@type\":\"Person\",\"@id\":\"https:\\\/\\\/alphaespai.com\\\/ca\\\/#\\\/schema\\\/person\\\/7a54c95fe3662411f9bc61a7b3875757\",\"name\":\"Jordi Silvente\",\"image\":{\"@type\":\"ImageObject\",\"inLanguage\":\"ca\",\"@id\":\"https:\\\/\\\/secure.gravatar.com\\\/avatar\\\/3e62d1a33729936e1b5ed0b7452ba68de85677574466df96ba46ab1152cdcba3?s=96&d=mm&r=g\",\"url\":\"https:\\\/\\\/secure.gravatar.com\\\/avatar\\\/3e62d1a33729936e1b5ed0b7452ba68de85677574466df96ba46ab1152cdcba3?s=96&d=mm&r=g\",\"contentUrl\":\"https:\\\/\\\/secure.gravatar.com\\\/avatar\\\/3e62d1a33729936e1b5ed0b7452ba68de85677574466df96ba46ab1152cdcba3?s=96&d=mm&r=g\",\"caption\":\"Jordi Silvente\"},\"url\":\"https:\\\/\\\/alphaespai.com\\\/ca\\\/author\\\/admin\\\/\"}]}<\/script>\n<!-- \/ Yoast SEO plugin. -->","yoast_head_json":{"title":"#LLibres i #coworking: Coemprender, el poder del grupo - Alpha Espai Coworking","robots":{"index":"index","follow":"follow","max-snippet":"max-snippet:-1","max-image-preview":"max-image-preview:large","max-video-preview":"max-video-preview:-1"},"canonical":"https:\/\/alphaespai.com\/ca\/llibres-i-coworking-coemprender-el-poder-del-grupo\/","og_locale":"ca_ES","og_type":"article","og_title":"#LLibres i #coworking: Coemprender, el poder del grupo - Alpha Espai Coworking","og_description":"Tenim el plaer de poder fer la presentaci\u00f3 del llibre &#8220;Coemprender, el poder del grupo&#8221;, del C\u00e8sar LLorente. LLibre del qual tenim la fortuna d&#8217;haber sigut part del seu contingut, dons tant el @jordisilvente, co-fundador d&#8217;Alpha Espai, com d&#8217;altres #coworkers han sigut protagonistes per passar pel programa. Per com \u00e9s el C\u00e9sar i per com [&hellip;]","og_url":"https:\/\/alphaespai.com\/ca\/llibres-i-coworking-coemprender-el-poder-del-grupo\/","og_site_name":"Alpha Espai Coworking","article_published_time":"2016-04-23T14:55:20+00:00","article_modified_time":"2016-05-03T07:08:12+00:00","og_image":[{"width":564,"height":289,"url":"https:\/\/alphaespai.com\/wp-content\/uploads\/2016\/04\/Imagen2.png","type":"image\/png"}],"author":"Jordi Silvente","twitter_misc":{"Escrit per":"Jordi Silvente","Temps estimat de lectura":"1 minut"},"schema":{"@context":"https:\/\/schema.org","@graph":[{"@type":"Article","@id":"https:\/\/alphaespai.com\/ca\/llibres-i-coworking-coemprender-el-poder-del-grupo\/#article","isPartOf":{"@id":"https:\/\/alphaespai.com\/ca\/llibres-i-coworking-coemprender-el-poder-del-grupo\/"},"author":{"name":"Jordi Silvente","@id":"https:\/\/alphaespai.com\/ca\/#\/schema\/person\/7a54c95fe3662411f9bc61a7b3875757"},"headline":"#LLibres i #coworking: Coemprender, el poder del grupo","datePublished":"2016-04-23T14:55:20+00:00","dateModified":"2016-05-03T07:08:12+00:00","mainEntityOfPage":{"@id":"https:\/\/alphaespai.com\/ca\/llibres-i-coworking-coemprender-el-poder-del-grupo\/"},"wordCount":172,"commentCount":0,"image":{"@id":"https:\/\/alphaespai.com\/ca\/llibres-i-coworking-coemprender-el-poder-del-grupo\/#primaryimage"},"thumbnailUrl":"https:\/\/alphaespai.com\/wp-content\/uploads\/2016\/04\/Imagen2.png","keywords":["#col.laboraci\u00f3","#emprendre","#llibresicoworking","#santjordi2016"],"articleSection":["Esdeveniments"],"inLanguage":"ca","potentialAction":[{"@type":"CommentAction","name":"Comment","target":["https:\/\/alphaespai.com\/ca\/llibres-i-coworking-coemprender-el-poder-del-grupo\/#respond"]}]},{"@type":"WebPage","@id":"https:\/\/alphaespai.com\/ca\/llibres-i-coworking-coemprender-el-poder-del-grupo\/","url":"https:\/\/alphaespai.com\/ca\/llibres-i-coworking-coemprender-el-poder-del-grupo\/","name":"#LLibres i #coworking: Coemprender, el poder del grupo - Alpha Espai Coworking","isPartOf":{"@id":"https:\/\/alphaespai.com\/ca\/#website"},"primaryImageOfPage":{"@id":"https:\/\/alphaespai.com\/ca\/llibres-i-coworking-coemprender-el-poder-del-grupo\/#primaryimage"},"image":{"@id":"https:\/\/alphaespai.com\/ca\/llibres-i-coworking-coemprender-el-poder-del-grupo\/#primaryimage"},"thumbnailUrl":"https:\/\/alphaespai.com\/wp-content\/uploads\/2016\/04\/Imagen2.png","datePublished":"2016-04-23T14:55:20+00:00","dateModified":"2016-05-03T07:08:12+00:00","author":{"@id":"https:\/\/alphaespai.com\/ca\/#\/schema\/person\/7a54c95fe3662411f9bc61a7b3875757"},"inLanguage":"ca","potentialAction":[{"@type":"ReadAction","target":["https:\/\/alphaespai.com\/ca\/llibres-i-coworking-coemprender-el-poder-del-grupo\/"]}]},{"@type":"ImageObject","inLanguage":"ca","@id":"https:\/\/alphaespai.com\/ca\/llibres-i-coworking-coemprender-el-poder-del-grupo\/#primaryimage","url":"https:\/\/alphaespai.com\/wp-content\/uploads\/2016\/04\/Imagen2.png","contentUrl":"https:\/\/alphaespai.com\/wp-content\/uploads\/2016\/04\/Imagen2.png","width":564,"height":289},{"@type":"WebSite","@id":"https:\/\/alphaespai.com\/ca\/#website","url":"https:\/\/alphaespai.com\/ca\/","name":"Alpha Espai Coworking","description":"Espai de Coworking a Barcelona","potentialAction":[{"@type":"SearchAction","target":{"@type":"EntryPoint","urlTemplate":"https:\/\/alphaespai.com\/ca\/?s={search_term_string}"},"query-input":{"@type":"PropertyValueSpecification","valueRequired":true,"valueName":"search_term_string"}}],"inLanguage":"ca"},{"@type":"Person","@id":"https:\/\/alphaespai.com\/ca\/#\/schema\/person\/7a54c95fe3662411f9bc61a7b3875757","name":"Jordi Silvente","image":{"@type":"ImageObject","inLanguage":"ca","@id":"https:\/\/secure.gravatar.com\/avatar\/3e62d1a33729936e1b5ed0b7452ba68de85677574466df96ba46ab1152cdcba3?s=96&d=mm&r=g","url":"https:\/\/secure.gravatar.com\/avatar\/3e62d1a33729936e1b5ed0b7452ba68de85677574466df96ba46ab1152cdcba3?s=96&d=mm&r=g","contentUrl":"https:\/\/secure.gravatar.com\/avatar\/3e62d1a33729936e1b5ed0b7452ba68de85677574466df96ba46ab1152cdcba3?s=96&d=mm&r=g","caption":"Jordi Silvente"},"url":"https:\/\/alphaespai.com\/ca\/author\/admin\/"}]}},"_links":{"self":[{"href":"https:\/\/alphaespai.com\/ca\/wp-json\/wp\/v2\/posts\/4777","targetHints":{"allow":["GET"]}}],"collection":[{"href":"https:\/\/alphaespai.com\/ca\/wp-json\/wp\/v2\/posts"}],"about":[{"href":"https:\/\/alphaespai.com\/ca\/wp-json\/wp\/v2\/types\/post"}],"author":[{"embeddable":true,"href":"https:\/\/alphaespai.com\/ca\/wp-json\/wp\/v2\/users\/34"}],"replies":[{"embeddable":true,"href":"https:\/\/alphaespai.com\/ca\/wp-json\/wp\/v2\/comments?post=4777"}],"version-history":[{"count":0,"href":"https:\/\/alphaespai.com\/ca\/wp-json\/wp\/v2\/posts\/4777\/revisions"}],"wp:featuredmedia":[{"embeddable":true,"href":"https:\/\/alphaespai.com\/ca\/wp-json\/wp\/v2\/media\/4778"}],"wp:attachment":[{"href":"https:\/\/alphaespai.com\/ca\/wp-json\/wp\/v2\/media?parent=4777"}],"wp:term":[{"taxonomy":"category","embeddable":true,"href":"https:\/\/alphaespai.com\/ca\/wp-json\/wp\/v2\/categories?post=4777"},{"taxonomy":"post_tag","embeddable":true,"href":"https:\/\/alphaespai.com\/ca\/wp-json\/wp\/v2\/tags?post=4777"}],"curies":[{"name":"wp","href":"https:\/\/api.w.org\/{rel}","templated":true}]}}