{"id":4840,"date":"2016-05-04T12:13:24","date_gmt":"2016-05-04T12:13:24","guid":{"rendered":"https:\/\/alphaespai.com\/taller-literario-intensivo-de-novela-2\/"},"modified":"2016-05-04T13:55:55","modified_gmt":"2016-05-04T13:55:55","slug":"taller-literario-intensivo-de-novela","status":"publish","type":"post","link":"https:\/\/alphaespai.com\/ca\/taller-literario-intensivo-de-novela\/","title":{"rendered":"Taller literari intensiu de novel.la"},"content":{"rendered":"<h4 style=\"text-align: justify;\"><span style=\"font-family: 'Georgia','serif'; color: #333333;\">T&#8217;agrada escriure?\u00a0Des de <span style=\"color: #993366;\"><strong><a style=\"color: #993366;\" href=\"http:\/\/femunllibre.blogspot.com.es\/\" target=\"_blank\">Fem un llibre<\/a><\/strong><\/span>\u00a0et podem acompanyar en el proc\u00e9s d&#8217;escritura.<\/span><\/h4>\n<h4 style=\"text-align: justify;\"><span style=\"font-family: 'Georgia','serif'; color: #333333;\">Participa en el nostre taller de iniciaci\u00f3 a la novel.la i et mostrarem les t\u00e8cniques per a poder construir la teva hist\u00f2ria.<\/span><\/h4>\n<h4 style=\"margin: 0cm; margin-bottom: .0001pt; text-align: justify; line-height: 18.0pt;\">L&#8217;equip de <span style=\"color: #993366;\"><strong><a style=\"color: #993366;\" href=\"http:\/\/femunllibre.blogspot.com.es\/\" target=\"_blank\">Fem un llibre<\/a><\/strong><\/span>, liderat per l&#8217;escriptor <span style=\"color: #800080;\"><strong><a href=\"http:\/\/autorjosepcapsir.blogspot.com.es\/\" target=\"_blank\">Josep Capsir<\/a><\/strong><\/span>,\u00a0proposa m\u00e8tode, creuar #idees, #col\u00b7laboraci\u00f3, #creativitat i #passi\u00f3 per apropar-te a donar forma a la capacitat d&#8217;escriure la teva propia novel.la.<\/h4>\n<h4 style=\"margin: 0cm; margin-bottom: .0001pt; text-align: justify; line-height: 18.0pt;\">Dins un mati l\u00fadic, per\u00f2 intensiva, de la ma de <span style=\"color: #993366;\"><strong><a style=\"color: #993366;\" href=\"http:\/\/femunllibre.blogspot.com.es\/\" target=\"_blank\">Fem un llibre<\/a><\/strong><\/span>, de manera\u00a0individual i en grup el taller ens portar\u00e0 a la iniciaci\u00f3 per a poder expresar les hist\u00f2ries que fins ara no hem pogut donar forma literaria.<\/h4>\n<h4 style=\"margin: 0cm; margin-bottom: .0001pt; text-align: justify; line-height: 18.0pt;\">T&#8217;esperem!<\/h4>\n<p>&nbsp;<\/p>\n<h3 style=\"margin: 0cm; margin-bottom: .0001pt; text-align: justify; line-height: 18.0pt;\"><span style=\"color: #339966;\"><strong><span style=\"font-family: Georgia, serif;\">Dissabte, 14 de maig de 9:00 a 14:00 hores<\/span><\/strong><\/span><\/h3>\n<h3 style=\"margin: 0cm; margin-bottom: .0001pt; text-align: justify; line-height: 18.0pt;\"><span style=\"color: #339966;\"><strong><span style=\"font-family: Georgia, serif;\">Precio: 36 \u20ac (esmorzar incl\u00f2s)<\/span><\/strong><\/span><\/h3>\n<h3 style=\"margin: 0cm; margin-bottom: .0001pt; text-align: justify; line-height: 18.0pt;\"><span style=\"color: #339966;\"><strong><span style=\"font-family: Georgia, serif;\">Inscripcions a: infofemunllibre@gmail.com<\/span><\/strong><\/span><\/h3>\n<h3 style=\"margin: 0cm; margin-bottom: .0001pt; text-align: justify; line-height: 18.0pt;\"><strong><span style=\"color: #339966;\">Lloc: <\/span><\/strong><\/h3>\n<p style=\"margin: 0cm; margin-bottom: .0001pt; text-align: justify; line-height: 18.0pt;\"><a href=\"https:\/\/alphaespai.com\/wp-content\/uploads\/2014\/11\/ORIGINAL-e1426247523696.jpg\"><img decoding=\"async\" class=\"alignnone size-medium wp-image-3853\" src=\"https:\/\/alphaespai.com\/wp-content\/uploads\/2014\/11\/ORIGINAL-300x114.jpg\" alt=\"ORIGINAL\" width=\"250\" height=\"95\" \/><\/a><\/p>\n<p style=\"margin: 0cm; margin-bottom: .0001pt; text-align: justify; line-height: 18.0pt;\">\n","protected":false},"excerpt":{"rendered":"<p>T&#8217;agrada escriure?\u00a0Des de Fem un llibre\u00a0et podem acompanyar en el proc\u00e9s d&#8217;escritura. Participa en el nostre taller de iniciaci\u00f3 a la novel.la i et mostrarem les t\u00e8cniques per a poder construir la teva hist\u00f2ria. L&#8217;equip de Fem un llibre, liderat per l&#8217;escriptor Josep Capsir,\u00a0proposa m\u00e8tode, creuar #idees, #col\u00b7laboraci\u00f3, #creativitat i #passi\u00f3 per apropar-te a donar [&hellip;]<\/p>\n","protected":false},"author":34,"featured_media":4830,"comment_status":"open","ping_status":"closed","sticky":false,"template":"","format":"standard","meta":{"footnotes":""},"categories":[105],"tags":[256,257,143,258,259,260,261,262],"class_list":["post-4840","post","type-post","status-publish","format-standard","has-post-thumbnail","hentry","category-esdeveniments","tag-books-ca","tag-colaboracion-ca","tag-coworking-ca-3","tag-creativaidad-ca","tag-escribir-ca","tag-lectura-ca","tag-libros-ca","tag-llibres-ca"],"yoast_head":"<!-- This site is optimized with the Yoast SEO plugin v27.5 - https:\/\/yoast.com\/product\/yoast-seo-wordpress\/ -->\n<title>Taller literari intensiu de novel.la - Alpha Espai Coworking<\/title>\n<meta name=\"robots\" content=\"index, follow, max-snippet:-1, max-image-preview:large, max-video-preview:-1\" \/>\n<link rel=\"canonical\" href=\"https:\/\/alphaespai.com\/ca\/taller-literario-intensivo-de-novela\/\" \/>\n<meta property=\"og:locale\" content=\"ca_ES\" \/>\n<meta property=\"og:type\" content=\"article\" \/>\n<meta property=\"og:title\" content=\"Taller literari intensiu de novel.la - Alpha Espai Coworking\" \/>\n<meta property=\"og:description\" content=\"T&#8217;agrada escriure?\u00a0Des de Fem un llibre\u00a0et podem acompanyar en el proc\u00e9s d&#8217;escritura. Participa en el nostre taller de iniciaci\u00f3 a la novel.la i et mostrarem les t\u00e8cniques per a poder construir la teva hist\u00f2ria. L&#8217;equip de Fem un llibre, liderat per l&#8217;escriptor Josep Capsir,\u00a0proposa m\u00e8tode, creuar #idees, #col\u00b7laboraci\u00f3, #creativitat i #passi\u00f3 per apropar-te a donar [&hellip;]\" \/>\n<meta property=\"og:url\" content=\"https:\/\/alphaespai.com\/ca\/taller-literario-intensivo-de-novela\/\" \/>\n<meta property=\"og:site_name\" content=\"Alpha Espai Coworking\" \/>\n<meta property=\"article:published_time\" content=\"2016-05-04T12:13:24+00:00\" \/>\n<meta property=\"article:modified_time\" content=\"2016-05-04T13:55:55+00:00\" \/>\n<meta property=\"og:image\" content=\"https:\/\/alphaespai.com\/wp-content\/uploads\/2016\/05\/taller-literari-14_05_2016.jpg\" \/>\n\t<meta property=\"og:image:width\" content=\"600\" \/>\n\t<meta property=\"og:image:height\" content=\"273\" \/>\n\t<meta property=\"og:image:type\" content=\"image\/jpeg\" \/>\n<meta name=\"author\" content=\"Jordi Silvente\" \/>\n<meta name=\"twitter:label1\" content=\"Escrit per\" \/>\n\t<meta name=\"twitter:data1\" content=\"Jordi Silvente\" \/>\n\t<meta name=\"twitter:label2\" content=\"Temps estimat de lectura\" \/>\n\t<meta name=\"twitter:data2\" content=\"1 minut\" \/>\n<script type=\"application\/ld+json\" class=\"yoast-schema-graph\">{\"@context\":\"https:\\\/\\\/schema.org\",\"@graph\":[{\"@type\":\"Article\",\"@id\":\"https:\\\/\\\/alphaespai.com\\\/ca\\\/taller-literario-intensivo-de-novela\\\/#article\",\"isPartOf\":{\"@id\":\"https:\\\/\\\/alphaespai.com\\\/ca\\\/taller-literario-intensivo-de-novela\\\/\"},\"author\":{\"name\":\"Jordi Silvente\",\"@id\":\"https:\\\/\\\/alphaespai.com\\\/ca\\\/#\\\/schema\\\/person\\\/7a54c95fe3662411f9bc61a7b3875757\"},\"headline\":\"Taller literari intensiu de novel.la\",\"datePublished\":\"2016-05-04T12:13:24+00:00\",\"dateModified\":\"2016-05-04T13:55:55+00:00\",\"mainEntityOfPage\":{\"@id\":\"https:\\\/\\\/alphaespai.com\\\/ca\\\/taller-literario-intensivo-de-novela\\\/\"},\"wordCount\":147,\"commentCount\":0,\"image\":{\"@id\":\"https:\\\/\\\/alphaespai.com\\\/ca\\\/taller-literario-intensivo-de-novela\\\/#primaryimage\"},\"thumbnailUrl\":\"https:\\\/\\\/alphaespai.com\\\/wp-content\\\/uploads\\\/2016\\\/05\\\/taller-literari-14_05_2016.jpg\",\"keywords\":[\"#books\",\"#colaboracion\",\"#coworking\",\"#creativaidad\",\"#escribir\",\"#lectura\",\"#libros\",\"#llibres\"],\"articleSection\":[\"Esdeveniments\"],\"inLanguage\":\"ca\",\"potentialAction\":[{\"@type\":\"CommentAction\",\"name\":\"Comment\",\"target\":[\"https:\\\/\\\/alphaespai.com\\\/ca\\\/taller-literario-intensivo-de-novela\\\/#respond\"]}]},{\"@type\":\"WebPage\",\"@id\":\"https:\\\/\\\/alphaespai.com\\\/ca\\\/taller-literario-intensivo-de-novela\\\/\",\"url\":\"https:\\\/\\\/alphaespai.com\\\/ca\\\/taller-literario-intensivo-de-novela\\\/\",\"name\":\"Taller literari intensiu de novel.la - Alpha Espai Coworking\",\"isPartOf\":{\"@id\":\"https:\\\/\\\/alphaespai.com\\\/ca\\\/#website\"},\"primaryImageOfPage\":{\"@id\":\"https:\\\/\\\/alphaespai.com\\\/ca\\\/taller-literario-intensivo-de-novela\\\/#primaryimage\"},\"image\":{\"@id\":\"https:\\\/\\\/alphaespai.com\\\/ca\\\/taller-literario-intensivo-de-novela\\\/#primaryimage\"},\"thumbnailUrl\":\"https:\\\/\\\/alphaespai.com\\\/wp-content\\\/uploads\\\/2016\\\/05\\\/taller-literari-14_05_2016.jpg\",\"datePublished\":\"2016-05-04T12:13:24+00:00\",\"dateModified\":\"2016-05-04T13:55:55+00:00\",\"author\":{\"@id\":\"https:\\\/\\\/alphaespai.com\\\/ca\\\/#\\\/schema\\\/person\\\/7a54c95fe3662411f9bc61a7b3875757\"},\"inLanguage\":\"ca\",\"potentialAction\":[{\"@type\":\"ReadAction\",\"target\":[\"https:\\\/\\\/alphaespai.com\\\/ca\\\/taller-literario-intensivo-de-novela\\\/\"]}]},{\"@type\":\"ImageObject\",\"inLanguage\":\"ca\",\"@id\":\"https:\\\/\\\/alphaespai.com\\\/ca\\\/taller-literario-intensivo-de-novela\\\/#primaryimage\",\"url\":\"https:\\\/\\\/alphaespai.com\\\/wp-content\\\/uploads\\\/2016\\\/05\\\/taller-literari-14_05_2016.jpg\",\"contentUrl\":\"https:\\\/\\\/alphaespai.com\\\/wp-content\\\/uploads\\\/2016\\\/05\\\/taller-literari-14_05_2016.jpg\",\"width\":600,\"height\":273},{\"@type\":\"WebSite\",\"@id\":\"https:\\\/\\\/alphaespai.com\\\/ca\\\/#website\",\"url\":\"https:\\\/\\\/alphaespai.com\\\/ca\\\/\",\"name\":\"Alpha Espai Coworking\",\"description\":\"Espai de Coworking a Barcelona\",\"potentialAction\":[{\"@type\":\"SearchAction\",\"target\":{\"@type\":\"EntryPoint\",\"urlTemplate\":\"https:\\\/\\\/alphaespai.com\\\/ca\\\/?s={search_term_string}\"},\"query-input\":{\"@type\":\"PropertyValueSpecification\",\"valueRequired\":true,\"valueName\":\"search_term_string\"}}],\"inLanguage\":\"ca\"},{\"@type\":\"Person\",\"@id\":\"https:\\\/\\\/alphaespai.com\\\/ca\\\/#\\\/schema\\\/person\\\/7a54c95fe3662411f9bc61a7b3875757\",\"name\":\"Jordi Silvente\",\"image\":{\"@type\":\"ImageObject\",\"inLanguage\":\"ca\",\"@id\":\"https:\\\/\\\/secure.gravatar.com\\\/avatar\\\/3e62d1a33729936e1b5ed0b7452ba68de85677574466df96ba46ab1152cdcba3?s=96&d=mm&r=g\",\"url\":\"https:\\\/\\\/secure.gravatar.com\\\/avatar\\\/3e62d1a33729936e1b5ed0b7452ba68de85677574466df96ba46ab1152cdcba3?s=96&d=mm&r=g\",\"contentUrl\":\"https:\\\/\\\/secure.gravatar.com\\\/avatar\\\/3e62d1a33729936e1b5ed0b7452ba68de85677574466df96ba46ab1152cdcba3?s=96&d=mm&r=g\",\"caption\":\"Jordi Silvente\"},\"url\":\"https:\\\/\\\/alphaespai.com\\\/ca\\\/author\\\/admin\\\/\"}]}<\/script>\n<!-- \/ Yoast SEO plugin. -->","yoast_head_json":{"title":"Taller literari intensiu de novel.la - Alpha Espai Coworking","robots":{"index":"index","follow":"follow","max-snippet":"max-snippet:-1","max-image-preview":"max-image-preview:large","max-video-preview":"max-video-preview:-1"},"canonical":"https:\/\/alphaespai.com\/ca\/taller-literario-intensivo-de-novela\/","og_locale":"ca_ES","og_type":"article","og_title":"Taller literari intensiu de novel.la - Alpha Espai Coworking","og_description":"T&#8217;agrada escriure?\u00a0Des de Fem un llibre\u00a0et podem acompanyar en el proc\u00e9s d&#8217;escritura. Participa en el nostre taller de iniciaci\u00f3 a la novel.la i et mostrarem les t\u00e8cniques per a poder construir la teva hist\u00f2ria. L&#8217;equip de Fem un llibre, liderat per l&#8217;escriptor Josep Capsir,\u00a0proposa m\u00e8tode, creuar #idees, #col\u00b7laboraci\u00f3, #creativitat i #passi\u00f3 per apropar-te a donar [&hellip;]","og_url":"https:\/\/alphaespai.com\/ca\/taller-literario-intensivo-de-novela\/","og_site_name":"Alpha Espai Coworking","article_published_time":"2016-05-04T12:13:24+00:00","article_modified_time":"2016-05-04T13:55:55+00:00","og_image":[{"width":600,"height":273,"url":"https:\/\/alphaespai.com\/wp-content\/uploads\/2016\/05\/taller-literari-14_05_2016.jpg","type":"image\/jpeg"}],"author":"Jordi Silvente","twitter_misc":{"Escrit per":"Jordi Silvente","Temps estimat de lectura":"1 minut"},"schema":{"@context":"https:\/\/schema.org","@graph":[{"@type":"Article","@id":"https:\/\/alphaespai.com\/ca\/taller-literario-intensivo-de-novela\/#article","isPartOf":{"@id":"https:\/\/alphaespai.com\/ca\/taller-literario-intensivo-de-novela\/"},"author":{"name":"Jordi Silvente","@id":"https:\/\/alphaespai.com\/ca\/#\/schema\/person\/7a54c95fe3662411f9bc61a7b3875757"},"headline":"Taller literari intensiu de novel.la","datePublished":"2016-05-04T12:13:24+00:00","dateModified":"2016-05-04T13:55:55+00:00","mainEntityOfPage":{"@id":"https:\/\/alphaespai.com\/ca\/taller-literario-intensivo-de-novela\/"},"wordCount":147,"commentCount":0,"image":{"@id":"https:\/\/alphaespai.com\/ca\/taller-literario-intensivo-de-novela\/#primaryimage"},"thumbnailUrl":"https:\/\/alphaespai.com\/wp-content\/uploads\/2016\/05\/taller-literari-14_05_2016.jpg","keywords":["#books","#colaboracion","#coworking","#creativaidad","#escribir","#lectura","#libros","#llibres"],"articleSection":["Esdeveniments"],"inLanguage":"ca","potentialAction":[{"@type":"CommentAction","name":"Comment","target":["https:\/\/alphaespai.com\/ca\/taller-literario-intensivo-de-novela\/#respond"]}]},{"@type":"WebPage","@id":"https:\/\/alphaespai.com\/ca\/taller-literario-intensivo-de-novela\/","url":"https:\/\/alphaespai.com\/ca\/taller-literario-intensivo-de-novela\/","name":"Taller literari intensiu de novel.la - Alpha Espai Coworking","isPartOf":{"@id":"https:\/\/alphaespai.com\/ca\/#website"},"primaryImageOfPage":{"@id":"https:\/\/alphaespai.com\/ca\/taller-literario-intensivo-de-novela\/#primaryimage"},"image":{"@id":"https:\/\/alphaespai.com\/ca\/taller-literario-intensivo-de-novela\/#primaryimage"},"thumbnailUrl":"https:\/\/alphaespai.com\/wp-content\/uploads\/2016\/05\/taller-literari-14_05_2016.jpg","datePublished":"2016-05-04T12:13:24+00:00","dateModified":"2016-05-04T13:55:55+00:00","author":{"@id":"https:\/\/alphaespai.com\/ca\/#\/schema\/person\/7a54c95fe3662411f9bc61a7b3875757"},"inLanguage":"ca","potentialAction":[{"@type":"ReadAction","target":["https:\/\/alphaespai.com\/ca\/taller-literario-intensivo-de-novela\/"]}]},{"@type":"ImageObject","inLanguage":"ca","@id":"https:\/\/alphaespai.com\/ca\/taller-literario-intensivo-de-novela\/#primaryimage","url":"https:\/\/alphaespai.com\/wp-content\/uploads\/2016\/05\/taller-literari-14_05_2016.jpg","contentUrl":"https:\/\/alphaespai.com\/wp-content\/uploads\/2016\/05\/taller-literari-14_05_2016.jpg","width":600,"height":273},{"@type":"WebSite","@id":"https:\/\/alphaespai.com\/ca\/#website","url":"https:\/\/alphaespai.com\/ca\/","name":"Alpha Espai Coworking","description":"Espai de Coworking a Barcelona","potentialAction":[{"@type":"SearchAction","target":{"@type":"EntryPoint","urlTemplate":"https:\/\/alphaespai.com\/ca\/?s={search_term_string}"},"query-input":{"@type":"PropertyValueSpecification","valueRequired":true,"valueName":"search_term_string"}}],"inLanguage":"ca"},{"@type":"Person","@id":"https:\/\/alphaespai.com\/ca\/#\/schema\/person\/7a54c95fe3662411f9bc61a7b3875757","name":"Jordi Silvente","image":{"@type":"ImageObject","inLanguage":"ca","@id":"https:\/\/secure.gravatar.com\/avatar\/3e62d1a33729936e1b5ed0b7452ba68de85677574466df96ba46ab1152cdcba3?s=96&d=mm&r=g","url":"https:\/\/secure.gravatar.com\/avatar\/3e62d1a33729936e1b5ed0b7452ba68de85677574466df96ba46ab1152cdcba3?s=96&d=mm&r=g","contentUrl":"https:\/\/secure.gravatar.com\/avatar\/3e62d1a33729936e1b5ed0b7452ba68de85677574466df96ba46ab1152cdcba3?s=96&d=mm&r=g","caption":"Jordi Silvente"},"url":"https:\/\/alphaespai.com\/ca\/author\/admin\/"}]}},"_links":{"self":[{"href":"https:\/\/alphaespai.com\/ca\/wp-json\/wp\/v2\/posts\/4840","targetHints":{"allow":["GET"]}}],"collection":[{"href":"https:\/\/alphaespai.com\/ca\/wp-json\/wp\/v2\/posts"}],"about":[{"href":"https:\/\/alphaespai.com\/ca\/wp-json\/wp\/v2\/types\/post"}],"author":[{"embeddable":true,"href":"https:\/\/alphaespai.com\/ca\/wp-json\/wp\/v2\/users\/34"}],"replies":[{"embeddable":true,"href":"https:\/\/alphaespai.com\/ca\/wp-json\/wp\/v2\/comments?post=4840"}],"version-history":[{"count":0,"href":"https:\/\/alphaespai.com\/ca\/wp-json\/wp\/v2\/posts\/4840\/revisions"}],"wp:featuredmedia":[{"embeddable":true,"href":"https:\/\/alphaespai.com\/ca\/wp-json\/wp\/v2\/media\/4830"}],"wp:attachment":[{"href":"https:\/\/alphaespai.com\/ca\/wp-json\/wp\/v2\/media?parent=4840"}],"wp:term":[{"taxonomy":"category","embeddable":true,"href":"https:\/\/alphaespai.com\/ca\/wp-json\/wp\/v2\/categories?post=4840"},{"taxonomy":"post_tag","embeddable":true,"href":"https:\/\/alphaespai.com\/ca\/wp-json\/wp\/v2\/tags?post=4840"}],"curies":[{"name":"wp","href":"https:\/\/api.w.org\/{rel}","templated":true}]}}