{"id":4859,"date":"2016-05-30T16:54:38","date_gmt":"2016-05-30T16:54:38","guid":{"rendered":"https:\/\/alphaespai.com\/alpha-espai-en-bizbarcelona-2\/"},"modified":"2016-05-30T19:32:28","modified_gmt":"2016-05-30T19:32:28","slug":"alpha-espai-en-bizbarcelona","status":"publish","type":"post","link":"https:\/\/alphaespai.com\/ca\/alpha-espai-en-bizbarcelona\/","title":{"rendered":"Alpha Espai al BizBarcelona"},"content":{"rendered":"<h2 style=\"text-align: center;\"><span style=\"color: #2a6b3b;\"><strong>MICRO-ACCIONS DE COWORKING<\/strong><\/span><\/h2>\n<p style=\"text-align: justify;\">Un any m\u00e9s estarem a la fira de refer\u00e8ncia de Pimes i emprenedors de la ma de <strong><span style=\"color: #993366;\"><a href=\"http:\/\/www.cowocat.cat\/\" target=\"_blank\">Cowocat<\/a><\/span><\/strong>, tenim l&#8217;oportunitat de donar visibilitat a l&#8217;espai, els nostres serveis i als nostres coworkers i col\u00b7laboradors, es a dir, la nostra comunitat. Aix\u00ed, que si passeu per <strong><a href=\"http:\/\/www.bizbarcelona.com\/en\/\" target=\"_blank\">BizBarcelona<\/a><\/strong> os animem a contactar o participar d&#8217; Alpha Espai Coworking.<\/p>\n<p style=\"text-align: justify;\">La nostra participaci\u00f3 la trobareu al <strong><span style=\"color: #993366;\">STAND COWOCAT<\/span><\/strong><\/p>\n<p style=\"text-align: center;\">Dimecres\u00a01 de juny de 13:00 a 14:00 al Stand Cowocat<\/p>\n<p style=\"text-align: center;\">Dimecres 1 de juny de 17:00 a 18:00 al Stand Cowocat<\/p>\n<p style=\"text-align: center;\">Dijous 2 de juny de 12.00 a 13:00 al Stand Cowocat<\/p>\n<p style=\"text-align: justify;\">En <strong><span style=\"color: #000000;\">formats de 15-20 minuts<\/span><\/strong>\u00a0i per a grups redu\u00efts, alguns dels nostres coworkers y nosaltres mateixos farem micro-c\u00e0psules de contingut:<\/p>\n<p style=\"text-align: justify;\"><span style=\"color: #339966;\"><strong><a href=\"http:\/\/www.hug2me.com\/\" target=\"_blank\">Hug[me]<\/a><\/strong><\/span>, Consultor\u00eda Humana, ens presentar\u00e0\u00a0<strong>la nova eina empresarial:\u00a0L&#8217;humilitat\u00a0\u00bfQue\u00a0opinen els\u00a0emprenedors?\u00a0<\/strong>Enquesta sobre la humilitat a emprenedors i presentaci\u00f3 i discussi\u00f3 dels resultats.<\/p>\n<p style=\"text-align: justify;\"><strong>Trivial <span style=\"color: #339966;\"><a href=\"http:\/\/finanpolis.com\/\" target=\"_blank\">Finanpolis<\/a>.\u00a0<\/span><\/strong><a href=\"https:\/\/www.linkedin.com\/in\/elisafinanpolis\" target=\"_blank\">Elisa<\/a>\u00a0ens proposa un extracte del m\u00f2dul\u00a0Finanpolis, en format trivial, <strong>vine i apr\u00e8n finances jugant.<\/strong><\/p>\n<p style=\"text-align: justify;\"><strong><a href=\"https:\/\/www.linkedin.com\/in\/salvador-chiva-5a60a411\" target=\"_blank\">Salvador Chiva<\/a><\/strong>, cofundador d&#8217;\u00a0<strong><span style=\"color: #339966;\">Alpha Espai\u00a0#coworking<\/span>\u00a0<\/strong>\u00a0et pregunta<strong> \u00bfqu\u00e9 es Control de Gesti\u00f3?<\/strong>\u00a0I ell mateix et respondr\u00e0 de manera clara i entenedora, per\u00f2 sobretot aprendr\u00e0s la seva utilitat.<\/p>\n<p style=\"text-align: justify;\"><strong><a href=\"https:\/\/www.linkedin.com\/in\/lorena-estevez-8a862866\" target=\"_blank\">Lorena<\/a><\/strong>, <span style=\"color: #339966;\"><strong>Efecto Trabajo<\/strong><\/span>, ens proposa 15 minuts intensos per saber\u00a0<strong>com fer servir linkedin per al teu negoci<\/strong>. Us, contingut, contactes i, sobretot, \u00e9s la xarxa adequada?<\/p>\n<p style=\"text-align: justify;\"><strong><a href=\"https:\/\/twitter.com\/jserralvom\" target=\"_blank\">Jose<\/a> &amp; <a href=\"https:\/\/www.linkedin.com\/in\/lorena-estevez-8a862866\" target=\"_blank\">Lorena<\/a><\/strong>, proposen una c\u00e0psula d&#8217;<strong>estrat\u00e8gia\u00a0de comunicaci\u00f3 comercial en 5 passes<\/strong>: imatge corporativa, rrss, elevator pitch, contactes i eines.<\/p>\n<p style=\"text-align: justify;\"><strong><a href=\"https:\/\/www.linkedin.com\/in\/jordi-silvente-28742222?\" target=\"_blank\">Jordi Silvente<\/a><\/strong>, cofundador d&#8217;<strong><span style=\"color: #339966;\">Alpha Espai\u00a0#coworking<\/span>\u00a0<\/strong>os proposa un <strong>Speed Mentoring<\/strong>, aquells que vulguin posar al descobert l&#8217;estat del seu projecte, farem un mentoring intens, original i participatiu.<\/p>\n<p style=\"text-align: justify;\">\n","protected":false},"excerpt":{"rendered":"<p>MICRO-ACCIONS DE COWORKING Un any m\u00e9s estarem a la fira de refer\u00e8ncia de Pimes i emprenedors de la ma de Cowocat, tenim l&#8217;oportunitat de donar visibilitat a l&#8217;espai, els nostres serveis i als nostres coworkers i col\u00b7laboradors, es a dir, la nostra comunitat. Aix\u00ed, que si passeu per BizBarcelona os animem a contactar o participar [&hellip;]<\/p>\n","protected":false},"author":34,"featured_media":0,"comment_status":"open","ping_status":"closed","sticky":false,"template":"","format":"standard","meta":{"footnotes":""},"categories":[46],"tags":[193,273,143,274,275,276,277],"class_list":["post-4859","post","type-post","status-publish","format-standard","hentry","category-blog-ca","tag-comunicacion-ca","tag-controldegestion-ca","tag-coworking-ca-3","tag-finanpolis-ca","tag-gamificacion-ca","tag-hug2me-ca","tag-humanos-ca"],"yoast_head":"<!-- This site is optimized with the Yoast SEO plugin v27.5 - https:\/\/yoast.com\/product\/yoast-seo-wordpress\/ -->\n<title>Alpha Espai al BizBarcelona - Alpha Espai Coworking<\/title>\n<meta name=\"robots\" content=\"index, follow, max-snippet:-1, max-image-preview:large, max-video-preview:-1\" \/>\n<link rel=\"canonical\" href=\"https:\/\/alphaespai.com\/ca\/alpha-espai-en-bizbarcelona\/\" \/>\n<meta property=\"og:locale\" content=\"ca_ES\" \/>\n<meta property=\"og:type\" content=\"article\" \/>\n<meta property=\"og:title\" content=\"Alpha Espai al BizBarcelona - Alpha Espai Coworking\" \/>\n<meta property=\"og:description\" content=\"MICRO-ACCIONS DE COWORKING Un any m\u00e9s estarem a la fira de refer\u00e8ncia de Pimes i emprenedors de la ma de Cowocat, tenim l&#8217;oportunitat de donar visibilitat a l&#8217;espai, els nostres serveis i als nostres coworkers i col\u00b7laboradors, es a dir, la nostra comunitat. Aix\u00ed, que si passeu per BizBarcelona os animem a contactar o participar [&hellip;]\" \/>\n<meta property=\"og:url\" content=\"https:\/\/alphaespai.com\/ca\/alpha-espai-en-bizbarcelona\/\" \/>\n<meta property=\"og:site_name\" content=\"Alpha Espai Coworking\" \/>\n<meta property=\"article:published_time\" content=\"2016-05-30T16:54:38+00:00\" \/>\n<meta property=\"article:modified_time\" content=\"2016-05-30T19:32:28+00:00\" \/>\n<meta name=\"author\" content=\"Jordi Silvente\" \/>\n<meta name=\"twitter:label1\" content=\"Escrit per\" \/>\n\t<meta name=\"twitter:data1\" content=\"Jordi Silvente\" \/>\n\t<meta name=\"twitter:label2\" content=\"Temps estimat de lectura\" \/>\n\t<meta name=\"twitter:data2\" content=\"1 minut\" \/>\n<script type=\"application\/ld+json\" class=\"yoast-schema-graph\">{\"@context\":\"https:\\\/\\\/schema.org\",\"@graph\":[{\"@type\":\"Article\",\"@id\":\"https:\\\/\\\/alphaespai.com\\\/ca\\\/alpha-espai-en-bizbarcelona\\\/#article\",\"isPartOf\":{\"@id\":\"https:\\\/\\\/alphaespai.com\\\/ca\\\/alpha-espai-en-bizbarcelona\\\/\"},\"author\":{\"name\":\"Jordi Silvente\",\"@id\":\"https:\\\/\\\/alphaespai.com\\\/ca\\\/#\\\/schema\\\/person\\\/7a54c95fe3662411f9bc61a7b3875757\"},\"headline\":\"Alpha Espai al BizBarcelona\",\"datePublished\":\"2016-05-30T16:54:38+00:00\",\"dateModified\":\"2016-05-30T19:32:28+00:00\",\"mainEntityOfPage\":{\"@id\":\"https:\\\/\\\/alphaespai.com\\\/ca\\\/alpha-espai-en-bizbarcelona\\\/\"},\"wordCount\":282,\"commentCount\":0,\"keywords\":[\"#comunicaci\u00f3n\",\"#controldegestion\",\"#coworking\",\"#finanpolis\",\"#gamificacion\",\"#hug2me\",\"#humanos\"],\"articleSection\":[\"Blog\"],\"inLanguage\":\"ca\",\"potentialAction\":[{\"@type\":\"CommentAction\",\"name\":\"Comment\",\"target\":[\"https:\\\/\\\/alphaespai.com\\\/ca\\\/alpha-espai-en-bizbarcelona\\\/#respond\"]}]},{\"@type\":\"WebPage\",\"@id\":\"https:\\\/\\\/alphaespai.com\\\/ca\\\/alpha-espai-en-bizbarcelona\\\/\",\"url\":\"https:\\\/\\\/alphaespai.com\\\/ca\\\/alpha-espai-en-bizbarcelona\\\/\",\"name\":\"Alpha Espai al BizBarcelona - Alpha Espai Coworking\",\"isPartOf\":{\"@id\":\"https:\\\/\\\/alphaespai.com\\\/ca\\\/#website\"},\"datePublished\":\"2016-05-30T16:54:38+00:00\",\"dateModified\":\"2016-05-30T19:32:28+00:00\",\"author\":{\"@id\":\"https:\\\/\\\/alphaespai.com\\\/ca\\\/#\\\/schema\\\/person\\\/7a54c95fe3662411f9bc61a7b3875757\"},\"inLanguage\":\"ca\",\"potentialAction\":[{\"@type\":\"ReadAction\",\"target\":[\"https:\\\/\\\/alphaespai.com\\\/ca\\\/alpha-espai-en-bizbarcelona\\\/\"]}]},{\"@type\":\"WebSite\",\"@id\":\"https:\\\/\\\/alphaespai.com\\\/ca\\\/#website\",\"url\":\"https:\\\/\\\/alphaespai.com\\\/ca\\\/\",\"name\":\"Alpha Espai Coworking\",\"description\":\"Espai de Coworking a Barcelona\",\"potentialAction\":[{\"@type\":\"SearchAction\",\"target\":{\"@type\":\"EntryPoint\",\"urlTemplate\":\"https:\\\/\\\/alphaespai.com\\\/ca\\\/?s={search_term_string}\"},\"query-input\":{\"@type\":\"PropertyValueSpecification\",\"valueRequired\":true,\"valueName\":\"search_term_string\"}}],\"inLanguage\":\"ca\"},{\"@type\":\"Person\",\"@id\":\"https:\\\/\\\/alphaespai.com\\\/ca\\\/#\\\/schema\\\/person\\\/7a54c95fe3662411f9bc61a7b3875757\",\"name\":\"Jordi Silvente\",\"image\":{\"@type\":\"ImageObject\",\"inLanguage\":\"ca\",\"@id\":\"https:\\\/\\\/secure.gravatar.com\\\/avatar\\\/3e62d1a33729936e1b5ed0b7452ba68de85677574466df96ba46ab1152cdcba3?s=96&d=mm&r=g\",\"url\":\"https:\\\/\\\/secure.gravatar.com\\\/avatar\\\/3e62d1a33729936e1b5ed0b7452ba68de85677574466df96ba46ab1152cdcba3?s=96&d=mm&r=g\",\"contentUrl\":\"https:\\\/\\\/secure.gravatar.com\\\/avatar\\\/3e62d1a33729936e1b5ed0b7452ba68de85677574466df96ba46ab1152cdcba3?s=96&d=mm&r=g\",\"caption\":\"Jordi Silvente\"},\"url\":\"https:\\\/\\\/alphaespai.com\\\/ca\\\/author\\\/admin\\\/\"}]}<\/script>\n<!-- \/ Yoast SEO plugin. -->","yoast_head_json":{"title":"Alpha Espai al BizBarcelona - Alpha Espai Coworking","robots":{"index":"index","follow":"follow","max-snippet":"max-snippet:-1","max-image-preview":"max-image-preview:large","max-video-preview":"max-video-preview:-1"},"canonical":"https:\/\/alphaespai.com\/ca\/alpha-espai-en-bizbarcelona\/","og_locale":"ca_ES","og_type":"article","og_title":"Alpha Espai al BizBarcelona - Alpha Espai Coworking","og_description":"MICRO-ACCIONS DE COWORKING Un any m\u00e9s estarem a la fira de refer\u00e8ncia de Pimes i emprenedors de la ma de Cowocat, tenim l&#8217;oportunitat de donar visibilitat a l&#8217;espai, els nostres serveis i als nostres coworkers i col\u00b7laboradors, es a dir, la nostra comunitat. Aix\u00ed, que si passeu per BizBarcelona os animem a contactar o participar [&hellip;]","og_url":"https:\/\/alphaespai.com\/ca\/alpha-espai-en-bizbarcelona\/","og_site_name":"Alpha Espai Coworking","article_published_time":"2016-05-30T16:54:38+00:00","article_modified_time":"2016-05-30T19:32:28+00:00","author":"Jordi Silvente","twitter_misc":{"Escrit per":"Jordi Silvente","Temps estimat de lectura":"1 minut"},"schema":{"@context":"https:\/\/schema.org","@graph":[{"@type":"Article","@id":"https:\/\/alphaespai.com\/ca\/alpha-espai-en-bizbarcelona\/#article","isPartOf":{"@id":"https:\/\/alphaespai.com\/ca\/alpha-espai-en-bizbarcelona\/"},"author":{"name":"Jordi Silvente","@id":"https:\/\/alphaespai.com\/ca\/#\/schema\/person\/7a54c95fe3662411f9bc61a7b3875757"},"headline":"Alpha Espai al BizBarcelona","datePublished":"2016-05-30T16:54:38+00:00","dateModified":"2016-05-30T19:32:28+00:00","mainEntityOfPage":{"@id":"https:\/\/alphaespai.com\/ca\/alpha-espai-en-bizbarcelona\/"},"wordCount":282,"commentCount":0,"keywords":["#comunicaci\u00f3n","#controldegestion","#coworking","#finanpolis","#gamificacion","#hug2me","#humanos"],"articleSection":["Blog"],"inLanguage":"ca","potentialAction":[{"@type":"CommentAction","name":"Comment","target":["https:\/\/alphaespai.com\/ca\/alpha-espai-en-bizbarcelona\/#respond"]}]},{"@type":"WebPage","@id":"https:\/\/alphaespai.com\/ca\/alpha-espai-en-bizbarcelona\/","url":"https:\/\/alphaespai.com\/ca\/alpha-espai-en-bizbarcelona\/","name":"Alpha Espai al BizBarcelona - Alpha Espai Coworking","isPartOf":{"@id":"https:\/\/alphaespai.com\/ca\/#website"},"datePublished":"2016-05-30T16:54:38+00:00","dateModified":"2016-05-30T19:32:28+00:00","author":{"@id":"https:\/\/alphaespai.com\/ca\/#\/schema\/person\/7a54c95fe3662411f9bc61a7b3875757"},"inLanguage":"ca","potentialAction":[{"@type":"ReadAction","target":["https:\/\/alphaespai.com\/ca\/alpha-espai-en-bizbarcelona\/"]}]},{"@type":"WebSite","@id":"https:\/\/alphaespai.com\/ca\/#website","url":"https:\/\/alphaespai.com\/ca\/","name":"Alpha Espai Coworking","description":"Espai de Coworking a Barcelona","potentialAction":[{"@type":"SearchAction","target":{"@type":"EntryPoint","urlTemplate":"https:\/\/alphaespai.com\/ca\/?s={search_term_string}"},"query-input":{"@type":"PropertyValueSpecification","valueRequired":true,"valueName":"search_term_string"}}],"inLanguage":"ca"},{"@type":"Person","@id":"https:\/\/alphaespai.com\/ca\/#\/schema\/person\/7a54c95fe3662411f9bc61a7b3875757","name":"Jordi Silvente","image":{"@type":"ImageObject","inLanguage":"ca","@id":"https:\/\/secure.gravatar.com\/avatar\/3e62d1a33729936e1b5ed0b7452ba68de85677574466df96ba46ab1152cdcba3?s=96&d=mm&r=g","url":"https:\/\/secure.gravatar.com\/avatar\/3e62d1a33729936e1b5ed0b7452ba68de85677574466df96ba46ab1152cdcba3?s=96&d=mm&r=g","contentUrl":"https:\/\/secure.gravatar.com\/avatar\/3e62d1a33729936e1b5ed0b7452ba68de85677574466df96ba46ab1152cdcba3?s=96&d=mm&r=g","caption":"Jordi Silvente"},"url":"https:\/\/alphaespai.com\/ca\/author\/admin\/"}]}},"_links":{"self":[{"href":"https:\/\/alphaespai.com\/ca\/wp-json\/wp\/v2\/posts\/4859","targetHints":{"allow":["GET"]}}],"collection":[{"href":"https:\/\/alphaespai.com\/ca\/wp-json\/wp\/v2\/posts"}],"about":[{"href":"https:\/\/alphaespai.com\/ca\/wp-json\/wp\/v2\/types\/post"}],"author":[{"embeddable":true,"href":"https:\/\/alphaespai.com\/ca\/wp-json\/wp\/v2\/users\/34"}],"replies":[{"embeddable":true,"href":"https:\/\/alphaespai.com\/ca\/wp-json\/wp\/v2\/comments?post=4859"}],"version-history":[{"count":0,"href":"https:\/\/alphaespai.com\/ca\/wp-json\/wp\/v2\/posts\/4859\/revisions"}],"wp:attachment":[{"href":"https:\/\/alphaespai.com\/ca\/wp-json\/wp\/v2\/media?parent=4859"}],"wp:term":[{"taxonomy":"category","embeddable":true,"href":"https:\/\/alphaespai.com\/ca\/wp-json\/wp\/v2\/categories?post=4859"},{"taxonomy":"post_tag","embeddable":true,"href":"https:\/\/alphaespai.com\/ca\/wp-json\/wp\/v2\/tags?post=4859"}],"curies":[{"name":"wp","href":"https:\/\/api.w.org\/{rel}","templated":true}]}}